{"id":1909,"date":"2016-11-22T14:48:57","date_gmt":"2016-11-22T17:48:57","guid":{"rendered":"http:\/\/elife.com.br\/?p=1909"},"modified":"2016-12-09T19:34:06","modified_gmt":"2016-12-09T22:34:06","slug":"e-life-cria-social-wall-da-volkswagen-para-o-salao-do-automovel-2016","status":"publish","type":"post","link":"https:\/\/elife.com.br\/index.php\/2016\/11\/22\/e-life-cria-social-wall-da-volkswagen-para-o-salao-do-automovel-2016\/","title":{"rendered":"E.life cria Social Wall da Volkswagen para o Sal\u00e3o do Autom\u00f3vel 2016"},"content":{"rendered":"<div id=\"fb-root\"><\/div>\n<hr \/>\n<p>Durante o <strong><a href=\"http:\/\/www.salaodoautomovel.com.br\/\" target=\"_blank\">Sal\u00e3o Internacional do Autom\u00f3vel de S\u00e3o Paulo 2016<\/a><\/strong>, a <strong>E.life, a AlmapBBDO\u00a0e a Volkswagen<\/strong> se uniram para criar mais uma experi\u00eancia digital \u00fanica para o p\u00fablico: um painel com <strong>exibi\u00e7\u00e3o real-time<\/strong> <strong>de imagens publicadas nas redes sociais<\/strong> com a hashtag #VWeVC. O Social Wall transmitiu em tempo real no stand da montadora e no\u00a0<a href=\"http:\/\/salao.vw.com.br\/\" target=\"_blank\">hotsite<\/a> da marca.<\/p>\n<p><img loading=\"lazy\" class=\" wp-image-1911 alignright\" src=\"https:\/\/elife.com.br\/wp-content\/uploads\/2016\/11\/vw.png\" alt=\"vw\" width=\"357\" height=\"409\" \/>O monitoramento da hashtag foi realizado por meio do software propriet\u00e1rio da E.life, o <a href=\"http:\/\/buzzmonitor.com.br\/\" target=\"_blank\">Buzzmonitor<\/a>, que ao longo do per\u00edodo monitorado encontrou mais de <strong>1,2 mil resultados<\/strong> relacionados \u00e0 a\u00e7\u00e3o. Foi desenvolvido um ambiente de modera\u00e7\u00e3o das imagens indexadas, o que permitiu ao time E.life selecionar, de acordo com os crit\u00e9rios da marca, o que ficaria dispon\u00edvel no <strong>Social Wall<\/strong>.<\/p>\n<p>Para o site da montadora elaborado especialmente para o Sal\u00e3o do Autom\u00f3vel, a E.life atuou na cria\u00e7\u00e3o de uma p\u00e1gina espec\u00edfica para divulga\u00e7\u00e3o de fotos com a hashtag #VWeVC. Para tanto,\u00a0a E.life integrou, via API, o monitoramento do Instagram do Buzzmonitor, possibilitando que mesmo quem n\u00e3o participasse da exposi\u00e7\u00e3o pudesse conferir os melhores registros do p\u00fablico.\u00a0J\u00e1 o conte\u00fado dos posts da Volkswagen ficou sob responsabilidade da AlmapBBDO.<\/p>\n<p>Utilizando a mesma tecnologia do <strong><a href=\"https:\/\/elife.com.br\/index.php\/2016\/11\/10\/voce-sabe-quantas-vezes-e-em-quais-momentos-a-sua-marca-aparece-nas-fotos-dos-seus-consumidores\/\" target=\"_blank\">Brand Logo Detection<\/a><\/strong>, o Social Wall \u00e9 um servi\u00e7o da E.life Intelligence que monitora hashtags, check-ins ou termos de busca e entrega dados em interfaces customizadas especialmente para eventos e a\u00e7\u00f5es ao vivo. <strong><a href=\"mailto:negocios@elife.com.br\">Pe\u00e7a uma proposta<\/a><\/strong>.<\/p>\n<p>&nbsp;<\/p>\n<p>&nbsp;<\/p>\n<hr \/>\n<p>&nbsp;<\/p>\n","protected":false},"excerpt":{"rendered":"<p>Durante o Sal\u00e3o Internacional do Autom\u00f3vel de S\u00e3o Paulo 2016, a E.life, a AlmapBBDO\u00a0e a Volkswagen se uniram para criar mais uma experi\u00eancia digital \u00fanica para o p\u00fablico: um painel com exibi\u00e7\u00e3o real-time de imagens publicadas nas redes sociais com a hashtag #VWeVC. O Social Wall transmitiu em tempo real no stand da montadora e [&hellip;]<\/p>\n","protected":false},"author":5,"featured_media":2059,"comment_status":"closed","ping_status":"closed","sticky":false,"template":"","format":"standard","meta":[],"categories":[7],"tags":[137,70,139,140,111],"_links":{"self":[{"href":"https:\/\/elife.com.br\/index.php\/wp-json\/wp\/v2\/posts\/1909"}],"collection":[{"href":"https:\/\/elife.com.br\/index.php\/wp-json\/wp\/v2\/posts"}],"about":[{"href":"https:\/\/elife.com.br\/index.php\/wp-json\/wp\/v2\/types\/post"}],"author":[{"embeddable":true,"href":"https:\/\/elife.com.br\/index.php\/wp-json\/wp\/v2\/users\/5"}],"replies":[{"embeddable":true,"href":"https:\/\/elife.com.br\/index.php\/wp-json\/wp\/v2\/comments?post=1909"}],"version-history":[{"count":8,"href":"https:\/\/elife.com.br\/index.php\/wp-json\/wp\/v2\/posts\/1909\/revisions"}],"predecessor-version":[{"id":1947,"href":"https:\/\/elife.com.br\/index.php\/wp-json\/wp\/v2\/posts\/1909\/revisions\/1947"}],"wp:featuredmedia":[{"embeddable":true,"href":"https:\/\/elife.com.br\/index.php\/wp-json\/wp\/v2\/media\/2059"}],"wp:attachment":[{"href":"https:\/\/elife.com.br\/index.php\/wp-json\/wp\/v2\/media?parent=1909"}],"wp:term":[{"taxonomy":"category","embeddable":true,"href":"https:\/\/elife.com.br\/index.php\/wp-json\/wp\/v2\/categories?post=1909"},{"taxonomy":"post_tag","embeddable":true,"href":"https:\/\/elife.com.br\/index.php\/wp-json\/wp\/v2\/tags?post=1909"}],"curies":[{"name":"wp","href":"https:\/\/api.w.org\/{rel}","templated":true}]}}