{"id":3164,"date":"2017-10-26T16:10:04","date_gmt":"2017-10-26T19:10:04","guid":{"rendered":"http:\/\/elife.com.br\/?p=3164"},"modified":"2017-10-27T10:46:57","modified_gmt":"2017-10-27T13:46:57","slug":"forca-do-querer-atinge-recorde-de-mencoes-no-twitter","status":"publish","type":"post","link":"https:\/\/elife.com.br\/index.php\/2017\/10\/26\/forca-do-querer-atinge-recorde-de-mencoes-no-twitter\/","title":{"rendered":"&#8220;A For\u00e7a do Querer&#8221; atinge recorde de men\u00e7\u00f5es no Twitter"},"content":{"rendered":"<div id=\"fb-root\"><\/div>\n<hr \/>\n<p><span style=\"font-weight: 400;\">O final da trama &#8220;<\/span><b>A For\u00e7a do Querer&#8221;<\/b><span style=\"font-weight: 400;\">, da Rede Globo, foi ao ar no dia 20 de outubro e bateu recordes de buzz nas redes sociais. No Twitter, apenas o \u00faltimo cap\u00edtulo, rendeu 8 Trending Topics Mundo e 30 no Brasil, al\u00e9m de 9 Moments. <\/span><\/p>\n<p><span style=\"font-weight: 400;\">A novela &#8220;A For\u00e7a do Querer&#8221; gerou <\/span><b>1.6 milh\u00e3o <\/b><span style=\"font-weight: 400;\">de<\/span> <span style=\"font-weight: 400;\">men\u00e7\u00f5es no Twitter nos \u00faltimos 6 dias de trama, batendo a marca do sucesso &#8220;Avenida Brasil&#8221;, com um crescimento de 66% no buzz. O n\u00famero \u00e9 ainda mais impressionante quando analisamos apenas o hor\u00e1rio de exibi\u00e7\u00e3o do cap\u00edtulo final, com 569 mil men\u00e7\u00f5es, um crescimento de 97%.<\/span><\/p>\n<p>&nbsp;<\/p>\n<p><b>Confira abaixo quais foram os Moments sobre o cap\u00edtulo final:<\/b><\/p>\n<ul>\n<li style=\"font-weight: 400;\"><a href=\"https:\/\/twitter.com\/i\/moments\/921563754239754242\" target=\"_blank\" rel=\"noopener noreferrer\"><span style=\"font-weight: 400;\">Paolla Oliveira se emociona com fim da novela<\/span><\/a><\/li>\n<li style=\"font-weight: 400;\"><a href=\"https:\/\/twitter.com\/i\/moments\/921558888469745664\" target=\"_blank\" rel=\"noopener noreferrer\"><span style=\"font-weight: 400;\">Ritinha, a rainha do amor pr\u00f3prio<\/span><\/a><\/li>\n<li style=\"font-weight: 400;\"><a href=\"https:\/\/twitter.com\/i\/moments\/921284609488379904\" target=\"_blank\" rel=\"noopener noreferrer\"><span style=\"font-weight: 400;\">Jeizeca e Cabibi est\u00e3o vivos no final de &#8216;A For\u00e7a&#8217;<\/span><\/a><\/li>\n<li style=\"font-weight: 400;\"><a href=\"https:\/\/twitter.com\/i\/moments\/921546490023211009\" target=\"_blank\" rel=\"noopener noreferrer\"><span style=\"font-weight: 400;\">Ruy e Zeca se tornaram&#8230; BFF?<\/span><\/a><\/li>\n<li style=\"font-weight: 400;\"><a href=\"https:\/\/twitter.com\/i\/moments\/921530488833093632\" target=\"_blank\" rel=\"noopener noreferrer\"><span style=\"font-weight: 400;\">A aceita\u00e7\u00e3o da fam\u00edlia e a felicidade de Ivan<\/span><\/a><\/li>\n<li style=\"font-weight: 400;\"><a href=\"https:\/\/twitter.com\/i\/moments\/921524128036814848\" target=\"_blank\" rel=\"noopener noreferrer\"><span style=\"font-weight: 400;\">Silvana admitiu que \u00e9 viciada e procurou a cl\u00ednica<\/span><\/a><\/li>\n<li style=\"font-weight: 400;\"><a href=\"https:\/\/twitter.com\/i\/moments\/921488833190989825\" target=\"_blank\" rel=\"noopener noreferrer\"><span style=\"font-weight: 400;\">Fim de &#8216;A For\u00e7a&#8217; mostra Zeca ao lado dos filhos<\/span><\/a><\/li>\n<li style=\"font-weight: 400;\"><span style=\"font-weight: 400;\"><a href=\"https:\/\/twitter.com\/i\/moments\/921468866848546817\" target=\"_blank\" rel=\"noopener noreferrer\">#ForcaDoQuerer no &#8216;Papo de Almo\u00e7o&#8217;<\/a><\/span><\/li>\n<li style=\"font-weight: 400;\"><a href=\"https:\/\/twitter.com\/i\/moments\/921343599375212544\" target=\"_blank\" rel=\"noopener noreferrer\"><span style=\"font-weight: 400;\">SPOILERS: O final de &#8216;A For\u00e7a do Querer&#8217; \u00e9 hoje e j\u00e1 sabemos que&#8230;<\/span><\/a><span style=\"font-weight: 400;\">\u00a0 \u00a0<\/span><\/li>\n<\/ul>\n<p>&nbsp;<\/p>\n<p><b>Destaques entre os internautas:<\/b><\/p>\n<p><span style=\"font-weight: 400;\">A cena do embate entre Sabi\u00e1 e Rubinho foi a mais marcante para o p\u00fablico: foram compartilhadas imagens do momento e a morte do ex de Bibi foi comemorada. Sabi\u00e1 ainda recebeu \u00f3timos elogios, considerado por alguns como dono da novela, assim como o ator Jonathan Azevedo, que esteve em 4\u00ba lugar no<\/span><a href=\"https:\/\/trends.google.com.br\/trends\/explore?date=now%207-d&amp;geo=BR&amp;q=Jonathan%20Azevedo\" target=\"_blank\" rel=\"noopener noreferrer\"> <span style=\"font-weight: 400;\">Google Trends<\/span><\/a><span style=\"font-weight: 400;\">, com mais de 50 mil pesquisas. Sua fala \u201cAGORA EU QUERO VER VOC\u00ca CANTAR\u201d foi compartilhada e alcan\u00e7ou os TT\u2019s.<\/span><\/p>\n<p><span style=\"font-weight: 400;\">Cabibi e Jeizeca juntos no final fizeram a alegria dos shippers e ganharam aprova\u00e7\u00e3o do p\u00fablico. A escolha de Jeizinha e Zequinha como nome dos filhos de Jeiza e Zeca divertiu. Por outro lado, Cibele e Ritinha foram exaltadas por demonstrar o amor pr\u00f3prio: a frase da sereia \u201cMAS EU GOSTO MAIS DE MIM\u201d foi replicada e alguns se sentiram representados por Cibele casando com ela mesma. <\/span><\/p>\n<p><span style=\"font-weight: 400;\">A refer\u00eancia \u00e0 novela #OClone foi considerada genial e a express\u00e3o de Carine logo ap\u00f3s a morte de Rubinho foi compartilhada. A constru\u00e7\u00e3o da trama de Ivan foi vista como delicada e tamb\u00e9m aprovada, assim como sua rela\u00e7\u00e3o com Cl\u00e1udio.<\/span><\/p>\n<p>&nbsp;<\/p>\n<blockquote><p>Amanda Palandi<\/p>\n<p>Gerente de Projetos na E.life<\/p><\/blockquote>\n<hr \/>\n<p>&nbsp;<\/p>\n","protected":false},"excerpt":{"rendered":"<p>O final da trama &#8220;A For\u00e7a do Querer&#8221;, da Rede Globo, foi ao ar no dia 20 de outubro e bateu recordes de buzz nas redes sociais. No Twitter, apenas o \u00faltimo cap\u00edtulo, rendeu 8 Trending Topics Mundo e 30 no Brasil, al\u00e9m de 9 Moments. A novela &#8220;A For\u00e7a do Querer&#8221; gerou 1.6 milh\u00e3o [&hellip;]<\/p>\n","protected":false},"author":20,"featured_media":3165,"comment_status":"closed","ping_status":"closed","sticky":false,"template":"","format":"standard","meta":[],"categories":[7],"tags":[258,259,62,256,257,94],"_links":{"self":[{"href":"https:\/\/elife.com.br\/index.php\/wp-json\/wp\/v2\/posts\/3164"}],"collection":[{"href":"https:\/\/elife.com.br\/index.php\/wp-json\/wp\/v2\/posts"}],"about":[{"href":"https:\/\/elife.com.br\/index.php\/wp-json\/wp\/v2\/types\/post"}],"author":[{"embeddable":true,"href":"https:\/\/elife.com.br\/index.php\/wp-json\/wp\/v2\/users\/20"}],"replies":[{"embeddable":true,"href":"https:\/\/elife.com.br\/index.php\/wp-json\/wp\/v2\/comments?post=3164"}],"version-history":[{"count":2,"href":"https:\/\/elife.com.br\/index.php\/wp-json\/wp\/v2\/posts\/3164\/revisions"}],"predecessor-version":[{"id":3168,"href":"https:\/\/elife.com.br\/index.php\/wp-json\/wp\/v2\/posts\/3164\/revisions\/3168"}],"wp:featuredmedia":[{"embeddable":true,"href":"https:\/\/elife.com.br\/index.php\/wp-json\/wp\/v2\/media\/3165"}],"wp:attachment":[{"href":"https:\/\/elife.com.br\/index.php\/wp-json\/wp\/v2\/media?parent=3164"}],"wp:term":[{"taxonomy":"category","embeddable":true,"href":"https:\/\/elife.com.br\/index.php\/wp-json\/wp\/v2\/categories?post=3164"},{"taxonomy":"post_tag","embeddable":true,"href":"https:\/\/elife.com.br\/index.php\/wp-json\/wp\/v2\/tags?post=3164"}],"curies":[{"name":"wp","href":"https:\/\/api.w.org\/{rel}","templated":true}]}}