{"id":3567,"date":"2018-03-08T13:32:33","date_gmt":"2018-03-08T16:32:33","guid":{"rendered":"http:\/\/elife.com.br\/?p=3567"},"modified":"2018-03-15T10:10:43","modified_gmt":"2018-03-15T13:10:43","slug":"estamos-passando-menos-tempo-no-facebook-o-que-isso-significa","status":"publish","type":"post","link":"https:\/\/elife.com.br\/index.php\/2018\/03\/08\/estamos-passando-menos-tempo-no-facebook-o-que-isso-significa\/","title":{"rendered":"Estamos passando menos tempo no Facebook. O que isso significa?"},"content":{"rendered":"<div id=\"fb-root\"><\/div>\n<hr \/>\n<p><span style=\"font-weight: 400;\">O tempo que adultos dos Estados Unidos passaram no Facebook caiu 4% ano a ano em novembro de 2017. \u00c9 o que mostra o <\/span><a href=\"http:\/\/www.businessinsider.com\/us-adults-spent-less-time-on-facebook-in-2017-2018-2\" target=\"_blank\" rel=\"noopener noreferrer\"><i><span style=\"font-weight: 400;\">Pivotal Research Analysis of Nielsen data per Business Insider<\/span><\/i><\/a><span style=\"font-weight: 400;\">. O que pode ter impactado nesse dado \u00e9 o fato de Instagram, Messenger e WhatsApp terem ganho mais usu\u00e1rios ano passado e, por consequ\u00eancia, os internautas terem passado mais tempo nessas redes sociais. <\/span><\/p>\n<p><span style=\"font-weight: 400;\">J\u00e1 o<\/span><span style=\"font-weight: 400;\"> tempo gasto por adultos dos EUA nas plataformas da Google em novembro de 2017 atingiu 28,6%, um aumento de 5 pontos percentuais em rela\u00e7\u00e3o ao ano anterior. O YouTube \u00e9 respons\u00e1vel por grande parte desse crescimento, j\u00e1 que o tempo gasto na plataforma de v\u00eddeo cresceu quase 30% por m\u00eas em 2017, provavelmente como resultado do aumento da audi\u00eancia do YouTube em TVs.<\/span><\/p>\n<p><span style=\"font-weight: 400;\">Surpreendentemente, Mark Zuckerberg v\u00ea de forma positiva essa redu\u00e7\u00e3o do tempo que as pessoas passam no Facebook &#8211; uma redu\u00e7\u00e3o de 50 milh\u00f5es de horas por dia em todo o mundo. O CEO da rede social atribui esse fato \u00e0 mudan\u00e7a no algoritmo feita nos \u00faltimos tr\u00eas meses, que assegura que os usu\u00e1rios est\u00e3o \u201cgastando\u201d seu tempo na plataforma com qualidade e n\u00e3o mais apenas assistindo a v\u00eddeos virais. <\/span><\/p>\n<p><span style=\"font-weight: 400;\">Menos de 50 milh\u00f5es de horas por dia gastas no Facebook parece muito, mas na realidade isso representa cerca de 2,14 minutos a menos por usu\u00e1rio, como calculado pelo <\/span><a href=\"https:\/\/techcrunch.com\/2018\/01\/31\/facebook-time-spent\/\" target=\"_blank\" rel=\"noopener noreferrer\"><span style=\"font-weight: 400;\">TechCrunch<\/span><\/a><span style=\"font-weight: 400;\">. Por outro lado, houve o menor aumento de usu\u00e1rios ativos por dia em toda a hist\u00f3ria do Facebook: apenas 2,18% em rela\u00e7\u00e3o ao trimestre anterior, segundo o <\/span><a href=\"https:\/\/www.tecmundo.com.br\/redes-sociais\/126759-tempo-gasto-facebook-zuckerberg.htm\" target=\"_blank\" rel=\"noopener noreferrer\"><span style=\"font-weight: 400;\">TecMundo<\/span><\/a><span style=\"font-weight: 400;\">.<\/span><\/p>\n<p><span style=\"font-weight: 400;\">Outra queda tamb\u00e9m foi registrada pelo Facebook, como mostra o <\/span><a href=\"https:\/\/techcrunch.com\/2018\/01\/31\/facebook-time-spent\/\" target=\"_blank\" rel=\"noopener noreferrer\"><span style=\"font-weight: 400;\">TechCrunch<\/span><\/a><span style=\"font-weight: 400;\">: a regi\u00e3o dos EUA e Canad\u00e1 caiu de 185 milh\u00f5es de usu\u00e1rios ativos por dia para 184 milh\u00f5es, a primeira vez em que a empresa reportou uma queda na contagem de usu\u00e1rios &#8211; ao todo uma perda de 700 mil internautas por dia. David Wehner, diretor financeiro do Facebook, diz que isso \u00e9 apenas um decl\u00ednio \u00fanico e n\u00e3o uma tend\u00eancia.<\/span><\/p>\n<p><span style=\"font-weight: 400;\">Diante de tudo isso, Zuckerberg n\u00e3o cansa de afirmar que seu objetivo em 2018 \u00e9 ter certeza de que o Facebook contribui verdadeiramente para o bem-estar das pessoas, estimulando conex\u00f5es verdadeiras entre usu\u00e1rios, ao inv\u00e9s do puro e simples consumo passivo de conte\u00fados. <\/span><\/p>\n<p><span style=\"font-weight: 400;\">Um dos resultados da mudan\u00e7a no algoritmo do Facebook \u00e9 que agora os usu\u00e1rios recebem muito mais atualiza\u00e7\u00f5es de familiares e amigos do que publica\u00e7\u00f5es de p\u00e1ginas de empresas, as quais normalmente levam a um consumo simples e passivo.<\/span><\/p>\n<p><a href=\"https:\/\/www.buzzmonitor.com.br\/blog\/o-novo-algoritmo-do-facebook-como-funciona-e-como-usa-lo-a-seu-favor\" target=\"_blank\" rel=\"noopener noreferrer\"><span style=\"font-weight: 400;\">Aqui voc\u00ea confere um post completo sobre como funciona o novo algoritmo do Facebook e como voc\u00ea pode us\u00e1-lo a seu favor<\/span><\/a><span style=\"font-weight: 400;\">.<\/span><\/p>\n<p><span style=\"font-weight: 400;\">Al\u00e9m disso, a luta contra as not\u00edcias falsa continua. Ano passado a rede social sofreu muito com a propaga\u00e7\u00e3o de <\/span><i><span style=\"font-weight: 400;\">fake news, <\/span><\/i><span style=\"font-weight: 400;\">o que fez com que o Facebook perdesse sua credibilidade em rela\u00e7\u00e3o ao consumo de not\u00edcias na rede social. Aliado a isso tamb\u00e9m est\u00e1 o combate \u00e0 dissemina\u00e7\u00e3o de discursos de \u00f3dio, visando ao m\u00e1ximo evitar que isso continue a acontecer. <\/span><\/p>\n<p><span style=\"font-weight: 400;\">Menos tempo gasto na rede social pode significar menos impress\u00f5es de an\u00fancios, mas tamb\u00e9m representa um engajamento mais profundo com as publica\u00e7\u00f5es, justamente o que o CEO do Facebook deseja. <\/span><span style=\"font-weight: 400;\">Por\u00e9m, menos tempo gasto na plataforma pode impactar os pre\u00e7os dos an\u00fancios no Facebook, uma vez que a rede social tende a aumentar seus valores para compensar a perda de visualiza\u00e7\u00e3o de an\u00fancios no feed de not\u00edcias.<\/span><\/p>\n<p><a href=\"https:\/\/elife.com.br\/index.php\/2018\/02\/21\/ha-motivos-para-uma-marca-deixar-o-facebook\/\" target=\"_blank\" rel=\"noopener noreferrer\"><span style=\"font-weight: 400;\">Confira aqui o artigo do CEO do Grupo E.life, Alessandro Lima, respondendo \u00e0 quest\u00e3o: \u201cH\u00e1 motivos para uma marca deixar o Facebook?\u201d.<\/span><\/a><\/p>\n<p><span style=\"font-weight: 400;\">De qualquer forma o Facebook sair\u00e1 ganhando. At\u00e9 porque hoje h\u00e1 um grande foco no potencial dos\u00a0<em>Stories<\/em>. O Facebook, dono tamb\u00e9m do Instagram e do WhatsApp, rapidamente implementou a fun\u00e7\u00e3o de <em>Stories<\/em> em ambas as rede sociais e, posteriormente, no pr\u00f3prio Facebook. <\/span><a href=\"http:\/\/www.businessinsider.com\/facebook-hinted-it-may-phase-out-the-newsfeed-2018-1\" target=\"_blank\" rel=\"noopener noreferrer\"><span style=\"font-weight: 400;\">No come\u00e7o do ano, Zuckerberg sugeriu que os dias do feed de not\u00edcias podem estar contados<\/span><\/a><span style=\"font-weight: 400;\">, em detrimento do compartilhamento de informa\u00e7\u00f5es via <em>Stories<\/em> nas redes sociais. <\/span><\/p>\n<p><span style=\"font-weight: 400;\">O importante \u00e9 que marcas saibam se reinventar a todo o momento para que consigam acompanhar todas as mudan\u00e7as que o Facebook est\u00e1 propondo. A forma como os internautas consomem conte\u00fado est\u00e1 mudando, os algoritmos est\u00e3o se transformando e as empresas devem estar preparadas para isso. <\/span><\/p>\n<p>&nbsp;<\/p>\n<p><i><span style=\"font-weight: 400;\">Fontes: <\/span><\/i><a href=\"http:\/\/www.businessinsider.com\/us-adults-spent-less-time-on-facebook-in-2017-2018-2\" target=\"_blank\" rel=\"noopener noreferrer\"><i><span style=\"font-weight: 400;\">Business Insider<\/span><\/i><\/a><i><span style=\"font-weight: 400;\">, <\/span><\/i><a href=\"https:\/\/www.techtudo.com.br\/noticias\/2018\/02\/facebook-diz-que-usuarios-estao-passando-menos-tempo-na-rede-social.ghtml\" target=\"_blank\" rel=\"noopener noreferrer\"><i><span style=\"font-weight: 400;\">TechTudo<\/span><\/i><\/a><i><span style=\"font-weight: 400;\">, <\/span><\/i><a href=\"https:\/\/techcrunch.com\/2018\/01\/31\/facebook-time-spent\/\" target=\"_blank\" rel=\"noopener noreferrer\"><i><span style=\"font-weight: 400;\">TechCrunch<\/span><\/i><\/a><i><span style=\"font-weight: 400;\"> e <\/span><\/i><a href=\"https:\/\/www.tecmundo.com.br\/redes-sociais\/126759-tempo-gasto-facebook-zuckerberg.htm\" target=\"_blank\" rel=\"noopener noreferrer\"><i><span style=\"font-weight: 400;\">TecMundo<\/span><\/i><\/a><\/p>\n<hr \/>\n<p>&nbsp;<\/p>\n<p>&nbsp;<\/p>\n<p>&nbsp;<\/p>\n","protected":false},"excerpt":{"rendered":"<p>O tempo que adultos dos Estados Unidos passaram no Facebook caiu 4% ano a ano em novembro de 2017. \u00c9 o que mostra o Pivotal Research Analysis of Nielsen data per Business Insider. O que pode ter impactado nesse dado \u00e9 o fato de Instagram, Messenger e WhatsApp terem ganho mais usu\u00e1rios ano passado e, [&hellip;]<\/p>\n","protected":false},"author":20,"featured_media":3568,"comment_status":"closed","ping_status":"closed","sticky":false,"template":"","format":"standard","meta":[],"categories":[3],"tags":[39,312,23],"_links":{"self":[{"href":"https:\/\/elife.com.br\/index.php\/wp-json\/wp\/v2\/posts\/3567"}],"collection":[{"href":"https:\/\/elife.com.br\/index.php\/wp-json\/wp\/v2\/posts"}],"about":[{"href":"https:\/\/elife.com.br\/index.php\/wp-json\/wp\/v2\/types\/post"}],"author":[{"embeddable":true,"href":"https:\/\/elife.com.br\/index.php\/wp-json\/wp\/v2\/users\/20"}],"replies":[{"embeddable":true,"href":"https:\/\/elife.com.br\/index.php\/wp-json\/wp\/v2\/comments?post=3567"}],"version-history":[{"count":7,"href":"https:\/\/elife.com.br\/index.php\/wp-json\/wp\/v2\/posts\/3567\/revisions"}],"predecessor-version":[{"id":3587,"href":"https:\/\/elife.com.br\/index.php\/wp-json\/wp\/v2\/posts\/3567\/revisions\/3587"}],"wp:featuredmedia":[{"embeddable":true,"href":"https:\/\/elife.com.br\/index.php\/wp-json\/wp\/v2\/media\/3568"}],"wp:attachment":[{"href":"https:\/\/elife.com.br\/index.php\/wp-json\/wp\/v2\/media?parent=3567"}],"wp:term":[{"taxonomy":"category","embeddable":true,"href":"https:\/\/elife.com.br\/index.php\/wp-json\/wp\/v2\/categories?post=3567"},{"taxonomy":"post_tag","embeddable":true,"href":"https:\/\/elife.com.br\/index.php\/wp-json\/wp\/v2\/tags?post=3567"}],"curies":[{"name":"wp","href":"https:\/\/api.w.org\/{rel}","templated":true}]}}