{"id":5438,"date":"2019-05-02T17:54:06","date_gmt":"2019-05-02T20:54:06","guid":{"rendered":"https:\/\/elife.com.br\/?p=5438"},"modified":"2019-05-06T10:55:50","modified_gmt":"2019-05-06T13:55:50","slug":"estivemos-na-f8-2019-tudo-o-que-voce-precisa-saber-sobre-os-lancamentos-mostrados-no-evento-do-facebook","status":"publish","type":"post","link":"https:\/\/elife.com.br\/index.php\/2019\/05\/02\/estivemos-na-f8-2019-tudo-o-que-voce-precisa-saber-sobre-os-lancamentos-mostrados-no-evento-do-facebook\/","title":{"rendered":"Estivemos na F8 2019: tudo o que voc\u00ea precisa saber sobre os lan\u00e7amentos mostrados no evento do Facebook"},"content":{"rendered":"<div id=\"fb-root\"><\/div>\n<hr \/>\n<p><span style=\"font-weight: 400;\">Nos dias 30 de abril e 1\u00ba de maio aconteceu em San Jose, Calif\u00f3rnia, mais uma edi\u00e7\u00e3o da <\/span><a href=\"https:\/\/www.f8.com\/\" target=\"_blank\" rel=\"noopener\"><span style=\"font-weight: 400;\">F8, confer\u00eancia anual do Facebook para desenvolvedores.<\/span><\/a><span style=\"font-weight: 400;\"> Ao longo dos dois dias de evento, foram anunciadas novidades para Facebook, Messenger, Instagram e WhatsApp.<\/span><\/p>\n<p><span style=\"font-weight: 400;\">A privacidade foi o grande ponto focal do evento, com direito a prega\u00e7\u00e3o de Mark Zuckerberg de que o \u201cfuturo \u00e9 privado\u201d, piadas sobre ele n\u00e3o ser a melhor pessoa para falar sobre o tema e muitas novidades.<\/span><\/p>\n<p><span style=\"font-weight: 400;\">A rede social aos poucos vai superando sua fase mais dif\u00edcil. No final de abril, <\/span><a href=\"https:\/\/www.valor.com.br\/empresas\/6224729\/lucro-do-facebook-recua-51-no-primeiro-trimestre\" target=\"_blank\" rel=\"noopener\"><span style=\"font-weight: 400;\">o Facebook divulgou os n\u00fameros do primeiro trimestre de 2019 e os resultados da empresa no come\u00e7o do ano<\/span><\/a><span style=\"font-weight: 400;\">. Em mar\u00e7o de 2019 foram registrados, em m\u00e9dia, 1,56 bilh\u00e3o de usu\u00e1rios ativos por dia na rede social, uma alta de 8% em rela\u00e7\u00e3o \u00e0 compara\u00e7\u00e3o anual. Por m\u00eas, a m\u00e9dia \u00e9 de 2,38 bilh\u00f5es, um aumento tamb\u00e9m de 8%. <\/span><\/p>\n<p><span style=\"font-weight: 400;\">A empresa tamb\u00e9m estima que, em m\u00e9dia, 2,1 bilh\u00f5es de pessoas usam Facebook, Instagram, WhatsApp ou Messenger todos os dias e aproximadamente 2,7 bilh\u00f5es de pessoas usam pelo menos um destes canais a cada m\u00eas.<\/span><\/p>\n<p><span style=\"font-weight: 400;\">Alexandre Gama, diretor de Customer Experience na Elife, participou dos dois dias da confer\u00eancia e compartilhou conosco sua percep\u00e7\u00e3o sobre o evento:<\/span><\/p>\n<p><span style=\"font-weight: 400;\">&#8220;Saio do F8 este ano com duas ideias-chaves na cabe\u00e7a. A primeira \u00e9 que n\u00e3o devemos mais usar os conceitos de &#8220;ChatBot&#8221; nem &#8220;Automa\u00e7\u00e3o&#8221;, mas sim &#8220;Messaging Experience&#8221;. Notei que n\u00e3o h\u00e1 mais uma divis\u00e3o aparente entre esfor\u00e7os de Intera\u00e7\u00f5es Autom\u00e1ticas e Humanas. <\/span><\/p>\n<p><span style=\"font-weight: 400;\">N\u00e3o ouvi sequer a palavra ChatBot, em nenhuma palestra, durante os dois dias, pois os palestrantes j\u00e1 tomam como \u00f3bvia a ideia de que \u00e9 preciso automatizar e ter pessoas por tr\u00e1s de toda experi\u00eancia. A partir de agora o foco \u00e9 na <\/span><b>experi\u00eancia de mensagem<\/b><span style=\"font-weight: 400;\"> do consumidor e para isso as marcas devem lan\u00e7ar m\u00e3o de esfor\u00e7os que garantam essa experi\u00eancia: funcionalidades automatizadas, interven\u00e7\u00f5es humanas, plug-in do canal nos sites e estrat\u00e9gias que gerem tr\u00e1fego org\u00e2nico ou pago para o canal. <\/span><\/p>\n<p><img loading=\"lazy\" class=\"alignnone wp-image-5440\" src=\"https:\/\/elife.com.br\/wp-content\/uploads\/2019\/05\/POST_1.jpg\" alt=\"\" width=\"600\" height=\"744\" \/><\/p>\n<p><i><span style=\"font-weight: 400;\">Alexandre Gama, da Elife, participou da F8 esta semana | Foto: acervo pessoal\/ Alexandre Gama <\/span><\/i><\/p>\n<p>&nbsp;<\/p>\n<p><span style=\"font-weight: 400;\">A outra ideia \u00e9: <\/span><i><span style=\"font-weight: 400;\">\u2018The future (of social media) is private.\u2019 <\/span><\/i><span style=\"font-weight: 400;\">De resto, foi muita troca, contatos importantes, gente interessante e atualiza\u00e7\u00e3o dos valores e novidades do Facebook para os pr\u00f3ximos anos&#8221;.<\/span><\/p>\n<p><img loading=\"lazy\" class=\"alignnone wp-image-5441\" src=\"https:\/\/elife.com.br\/wp-content\/uploads\/2019\/05\/POST_2.jpg\" alt=\"\" width=\"600\" height=\"450\" \/><\/p>\n<p><i><span style=\"font-weight: 400;\">Foto: Acervo pessoal\/ Alexandre Gama<\/span><\/i><\/p>\n<p>&nbsp;<\/p>\n<p><span style=\"font-weight: 400;\">Confira quais foram as principais mudan\u00e7as divulgadas na confer\u00eancia! <\/span><\/p>\n<p>&nbsp;<\/p>\n<ul>\n<li>\n<h3><b>Novidades do Instagram<\/b><\/h3>\n<\/li>\n<\/ul>\n<p><b>Fim do n\u00famero de curtidas:<\/b><span style=\"font-weight: 400;\"> ainda em fase de testes no Canad\u00e1, o recurso \u00e9 uma experi\u00eancia do Facebook para compreender se a supress\u00e3o dos likes pode ter um efeito ben\u00e9fico para os usu\u00e1rios da rede social. O Instagram \u00e9 conhecido como uma das redes sociais mais competitivas e, por consequ\u00eancia, nociva para a sa\u00fade mental de alguns internautas.<\/span><\/p>\n<p><span style=\"font-weight: 400;\">Para amenizar isso, foi lan\u00e7ado o recurso \u201ccontagem privada de curtidas\u201d, tornando necess\u00e1rio pedir permiss\u00e3o para ver o n\u00famero de likes de uma publica\u00e7\u00e3o. Desta forma, o foco ficar\u00e1 apenas no conte\u00fado das fotos e dos v\u00eddeos divulgados no feed, evitando a competi\u00e7\u00e3o por curtidas.<\/span><\/p>\n<p>&nbsp;<\/p>\n<p><b>Novo modo de cria\u00e7\u00e3o: <\/b><span style=\"font-weight: 400;\">a rede social tamb\u00e9m anunciou atualiza\u00e7\u00f5es para a interface da c\u00e2mera e um novo \u201cmodo de cria\u00e7\u00e3o\u201d para facilitar o compartilhamento de conte\u00fado sem foto ou v\u00eddeo. O uso de efeitos e adesivos ser\u00e1 facilitado com este novo modo, permitindo que os usu\u00e1rios se expressem com mais liberdade e criatividade.<\/span><\/p>\n<p><img loading=\"lazy\" class=\"alignnone wp-image-5442\" src=\"https:\/\/elife.com.br\/wp-content\/uploads\/2019\/05\/POST_3.jpg\" alt=\"\" width=\"600\" height=\"375\" \/><\/p>\n<p><i><span style=\"font-weight: 400;\">Foto: Reprodu\u00e7\u00e3o\/ <\/span><\/i><a href=\"https:\/\/tecnologia.ig.com.br\/2019-04-30\/novidades-instagram-mercado-camera-modo-criacao.html\" target=\"_blank\" rel=\"noopener\"><i><span style=\"font-weight: 400;\">iG Tecnologia<\/span><\/i><\/a><\/p>\n<p>&nbsp;<\/p>\n<p><b>Levantamento de doa\u00e7\u00f5es para causas sociais: <\/b><span style=\"font-weight: 400;\">os internautas poder\u00e3o levantar fundos para organiza\u00e7\u00f5es sem fins lucrativos usando um adesivo de doa\u00e7\u00e3o nos Stories. Basta criar uma campanha e iniciar a arrecada\u00e7\u00e3o entre seus seguidores. Por enquanto a novidade est\u00e1 dispon\u00edvel apenas nos Estados Unidos, mas o Instagram deseja expandir o recurso para mais pa\u00edses.<\/span><\/p>\n<p>&nbsp;<\/p>\n<p><b>Compras dentro do aplicativo: <\/b><span style=\"font-weight: 400;\">o Instagram est\u00e1 expandido a possibilidade de compras diretamente na rede social. Agora artistas, influenciadores, atletas e outros criadores tamb\u00e9m poder\u00e3o vender seus produtos, o que antes era permitido apenas para empresas. Basta o usu\u00e1rio clicar na imagem e comprar o produto mostrado, sem ser necess\u00e1rio enviar mensagens pedindo mais detalhes.<\/span><\/p>\n<p>&nbsp;<\/p>\n<ul>\n<li>\n<h3><b>Novidades do Facebook<\/b><\/h3>\n<\/li>\n<\/ul>\n<p><b>Novo layout com destaque para grupos: <\/b><span style=\"font-weight: 400;\">o design da rede social para mobile e desktop ser\u00e1 atualizado e uma nova guia ser\u00e1 criada com grupos relevantes, al\u00e9m de um feed com todos os grupos que voc\u00ea participa. <\/span><\/p>\n<p><span style=\"font-weight: 400;\">Segundo o Facebook, essa remodela\u00e7\u00e3o serve tornar o Facebook mais do que apenas uma \u201crede social\u201d, convertendo-o em uma <\/span><a href=\"https:\/\/tudodeshare.com.br\/blog\/resumo-do-primeiro-dia-da-f8-2019-do-facebook\" target=\"_blank\" rel=\"noopener\"><span style=\"font-weight: 400;\">\u201cplataforma de comunica\u00e7\u00e3o focada em privacidade\u201d<\/span><\/a><span style=\"font-weight: 400;\">.<\/span><\/p>\n<p><img loading=\"lazy\" class=\"alignnone wp-image-5443\" src=\"https:\/\/elife.com.br\/wp-content\/uploads\/2019\/05\/POST_4.jpg\" alt=\"\" width=\"600\" height=\"362\" \/><\/p>\n<p><i><span style=\"font-weight: 400;\">Foto: Reprodu\u00e7\u00e3o\/ <\/span><\/i><a href=\"https:\/\/tugatech.com.pt\/t28607-facebook-prepara-varias-novidades-para-os-grupos\" target=\"_blank\" rel=\"noopener\"><i><span style=\"font-weight: 400;\">TugaTech<\/span><\/i><\/a><\/p>\n<p>&nbsp;<\/p>\n<p><span style=\"font-weight: 400;\">As op\u00e7\u00f5es para interagir com seus grupos tamb\u00e9m aparecer\u00e3o ao longo do feed de not\u00edcias, permitindo que as pessoas conhe\u00e7am novos amigos com mais facilidade. <\/span><a href=\"https:\/\/www.maistecnologia.com\/f8-facebook-apresenta-novidadades-no-grupos-e-introduz-o-facebook-dating\/\" target=\"_blank\" rel=\"noopener\"><span style=\"font-weight: 400;\">Hoje mais de 400 milh\u00f5es de pessoas no Facebook pertencem a pelo menos um grupo na rede social. <\/span><\/a><\/p>\n<p>&nbsp;<\/p>\n<p><b>Meet New Friends:<\/b><span style=\"font-weight: 400;\"> nesta mesma atualiza\u00e7\u00e3o, foi adicionado um recurso chamado \u201cMeet New Friends\u201d. Ele conecta pessoas com algum ponto em comum (como uma escola ou trabalho, por exemplo). O recurso ser\u00e1 integrado aos grupos do Facebook, permitindo que voc\u00ea conhe\u00e7a novos amigos dentro das comunidades das quais faz parte.<\/span><\/p>\n<p><img loading=\"lazy\" class=\"alignnone wp-image-5444\" src=\"https:\/\/elife.com.br\/wp-content\/uploads\/2019\/05\/POST_5.png\" alt=\"\" width=\"600\" height=\"571\" \/><\/p>\n<p><i><span style=\"font-weight: 400;\">Foto: Reprodu\u00e7\u00e3o\/ <\/span><\/i><a href=\"https:\/\/techcrunch.com\/2019\/04\/30\/facebook-meet-new-friends\/\" target=\"_blank\" rel=\"noopener\"><i><span style=\"font-weight: 400;\">TechCrunch<\/span><\/i><\/a><\/p>\n<p>&nbsp;<\/p>\n<p><b>Aba para eventos: <\/b><span style=\"font-weight: 400;\">uma nova guia voltada apenas para eventos ser\u00e1 adicionada ao Facebook, permitindo que os usu\u00e1rios descubram novos eventos ao seu redor, recebam recomenda\u00e7\u00f5es, combinem para encontrar amigos e tamb\u00e9m encontrem empresas locais.<\/span><\/p>\n<p>&nbsp;<\/p>\n<p><b>Dating<\/b><span style=\"font-weight: 400;\">: o aplicativo de encontros do Facebook ser\u00e1 expandido para 14 pa\u00edses, e j\u00e1 est\u00e1 em funcionamento no Brasil, e uma nova fun\u00e7\u00e3o chamada \u201cSecret Crush\u201d foi anunciada. Os usu\u00e1rios poder\u00e3o criar uma lista secreta de crushes com os amigos do Facebook e caso eles tamb\u00e9m criem uma lista e coloquem seu nome, ambos dar\u00e3o um match. As informa\u00e7\u00f5es adicionadas no Dating n\u00e3o s\u00e3o compartilhadas no Facebook e vice-versa. <\/span><\/p>\n<p><img loading=\"lazy\" class=\"alignnone wp-image-5445\" src=\"https:\/\/elife.com.br\/wp-content\/uploads\/2019\/05\/POST_6.jpg\" alt=\"\" width=\"600\" height=\"351\" \/><\/p>\n<p><i><span style=\"font-weight: 400;\">Foto: Reprodu\u00e7\u00e3o\/ <\/span><\/i><a href=\"https:\/\/www.cnet.com\/news\/facebook-extends-its-dating-service-to-mexico-argentina\/\" target=\"_blank\" rel=\"noopener\"><i><span style=\"font-weight: 400;\">CNet<\/span><\/i><\/a><\/p>\n<p>&nbsp;<\/p>\n<ul>\n<li>\n<h3><b>Novidades do Messenger<\/b><\/h3>\n<\/li>\n<\/ul>\n<p><b>Novo layout e aplicativo para computador: <\/b><span style=\"font-weight: 400;\">o Messenger est\u00e1 passando por uma reformula\u00e7\u00e3o de layout para otimizar a navega\u00e7\u00e3o do usu\u00e1rio e tamb\u00e9m ter\u00e1 uma vers\u00e3o do aplicativo para desktop, n\u00e3o sendo mais necess\u00e1rio deixar uma aba aberta no navegador para us\u00e1-lo. <\/span><\/p>\n<p><span style=\"font-weight: 400;\">O aplicativo estar\u00e1 dispon\u00edvel para Windows e Apple e ter\u00e1 todos os recursos do Messenger mobile, incluindo as chamadas em grupo. Segundo o Facebook, <\/span><a href=\"https:\/\/tudodeshare.com.br\/blog\/resumo-do-primeiro-dia-da-f8-2019-do-facebook\" target=\"_blank\" rel=\"noopener\"><span style=\"font-weight: 400;\">o tempo gasto em bate-papo via v\u00eddeo no Messenger cresceu 40% no \u00faltimo ano. <\/span><\/a><\/p>\n<p><img loading=\"lazy\" class=\"alignnone wp-image-5446\" src=\"https:\/\/elife.com.br\/wp-content\/uploads\/2019\/05\/POST_7.png\" alt=\"\" width=\"600\" height=\"400\" \/><\/p>\n<p><i><span style=\"font-weight: 400;\">Foto: Reprodu\u00e7\u00e3o\/ <\/span><\/i><a href=\"https:\/\/www.theverge.com\/2019\/4\/30\/18522730\/facebook-messenger-desktop-mac-windows-availability-f8-2019\" target=\"_blank\" rel=\"noopener\"><i><span style=\"font-weight: 400;\">The Verge<\/span><\/i><\/a><\/p>\n<p>&nbsp;<\/p>\n<p><b>Mais leve e r\u00e1pido: <\/b><span style=\"font-weight: 400;\">o aplicativo ser\u00e1 atualizado para ocupar menos espa\u00e7o nos dispositivos dos usu\u00e1rios e tamb\u00e9m rodar com mais rapidez. De acordo com o Facebook, a arquitetura do Messenger est\u00e1 sendo reconstru\u00edda do zero para garantir a melhora da performance e estima-se que ficar\u00e1 20% menor do que \u00e9 hoje. <\/span><\/p>\n<p>&nbsp;<\/p>\n<ul>\n<li>\n<h3><b>Novidades do WhatsApp<\/b><\/h3>\n<\/li>\n<\/ul>\n<p><b>Cat\u00e1logo de produtos: <\/b><span style=\"font-weight: 400;\">nos pr\u00f3ximos meses, os usu\u00e1rios poder\u00e3o ver um cat\u00e1logo de produtos ao conversar com uma marca no WhatsApp. As empresas poder\u00e3o mostrar suas mercadorias dentro do aplicativo, facilitando a compra dos internautas. <\/span><\/p>\n<p><span style=\"font-weight: 400;\">Segundo o Facebook, o WhatsApp tem mais de 1,5 bilh\u00e3o de usu\u00e1rios ativos. Al\u00e9m disso, durante a F8 foi enfatizada a import\u00e2ncia do WhatsApp Business para pequenas e m\u00e9dias empresas, assim como a relev\u00e2ncia do WhatsApp Enterprise para empresas de grande porte, o qual pode ser integrado a sistemas corporativos.<\/span><\/p>\n<p>&nbsp;<\/p>\n<ul>\n<li>\n<h3><b>Realidade virtual<\/b><\/h3>\n<\/li>\n<\/ul>\n<p><b>\u00d3culos de realidade virtual ainda em maio: <\/b><span style=\"font-weight: 400;\">os headsets de realidade virtual Oculus Quest e Oculus Rift S j\u00e1 est\u00e3o em pr\u00e9-venda em 23 pa\u00edses por US$ 399. Ainda n\u00e3o h\u00e1 previs\u00e3o de chegada do produto ao Brasil. <\/span><\/p>\n<p><span style=\"font-weight: 400;\">O Oculus Quest \u00e9 o primeiro dispositivo de jogo em realidade virtual all-in-one, permitindo que os gamers joguem em praticamente qualquer lugar sem estar com um computador. <\/span><\/p>\n<p><span style=\"font-weight: 400;\">J\u00e1 o Oculus Rift S oferece uma experi\u00eancia mais imersiva, sendo necess\u00e1rio ter um PC para jogar.<\/span><\/p>\n<p><img loading=\"lazy\" class=\"alignnone wp-image-5447\" src=\"https:\/\/elife.com.br\/wp-content\/uploads\/2019\/05\/POST_8.jpg\" alt=\"\" width=\"600\" height=\"366\" \/><\/p>\n<p><i><span style=\"font-weight: 400;\">Foto: Reprodu\u00e7\u00e3o\/ <\/span><\/i><a href=\"https:\/\/observador.pt\/2019\/04\/30\/mark-zuckerberg-estara-prestes-a-apresentar-um-novo-facebook\/\" target=\"_blank\" rel=\"noopener\"><i><span style=\"font-weight: 400;\">Observador<\/span><\/i><\/a><\/p>\n<p>&nbsp;<\/p>\n<ul>\n<li>\n<h3><b>Mudan\u00e7as nas APIs<\/b><\/h3>\n<\/li>\n<\/ul>\n<p><span style=\"font-weight: 400;\">O foco do Facebook est\u00e1 na privacidade de seus usu\u00e1rios e isso reflete diretamente nas APIs das redes sociais da empresa. Dentre as principais atualiza\u00e7\u00f5es, destaque para:<\/span><\/p>\n<p><span style=\"font-weight: 400;\">\u00a0&#8211; Novos c\u00f3digos de verifica\u00e7\u00e3o para WhatsApp<\/span><\/p>\n<p><span style=\"font-weight: 400;\">\u00a0&#8211; Atualiza\u00e7\u00f5es para a Graph API<\/span><\/p>\n<p><span style=\"font-weight: 400;\">\u00a0&#8211; Nova vers\u00e3o da API de marketing<\/span><\/p>\n<p><span style=\"font-weight: 400;\">\u00a0&#8211; Lan\u00e7amento do WebXR para conte\u00fados de realidade aumentada<\/span><\/p>\n<p><span style=\"font-weight: 400;\">\u00a0&#8211; Novas solu\u00e7\u00f5es de neg\u00f3cio para o Messenger<\/span><\/p>\n<p><span style=\"font-weight: 400;\">\u00a0&#8211; Atualiza\u00e7\u00e3o do Spark AR Studio<\/span><\/p>\n<p><span style=\"font-weight: 400;\">\u00a00 Expans\u00e3o internacional do Portal e chegada do WhatsApp \u00e0 ferramenta<\/span><\/p>\n<p><span style=\"font-weight: 400;\">\u00a0&#8211; Lan\u00e7amento do Developer Community Forum<\/span><\/p>\n<p>&nbsp;<\/p>\n<p><a href=\"https:\/\/developers.facebook.com\/blog\/post\/2019\/04\/30\/day-one-f8-developer-news-roundup\" target=\"_blank\" rel=\"noopener\"><span style=\"font-weight: 400;\">Todos os detalhes sobre as mudan\u00e7as nas APIs voc\u00ea confere aqui.<\/span><\/a><\/p>\n<p>&nbsp;<\/p>\n<p><span style=\"font-weight: 400;\">Voc\u00ea tamb\u00e9m pode assistir na \u00edntegra a apresenta\u00e7\u00e3o de Mark Zuckerberg feita na F8 mostrando as principais novidades da empresa para os pr\u00f3ximos meses:<\/span><\/p>\n<p><iframe loading=\"lazy\" src=\"https:\/\/www.youtube.com\/embed\/pv_Z6RxeKKI\" width=\"560\" height=\"315\" frameborder=\"0\" allowfullscreen=\"allowfullscreen\"><\/iframe><\/p>\n<p>&nbsp;<\/p>\n<h3><b>Elife \u00e9 Messenger Partner e Buzzmonitor \u00e9 Facebook Partner<\/b><\/h3>\n<p><span style=\"font-weight: 400;\">Em 2018, <\/span><a href=\"https:\/\/www.facebook.com\/business\/solutions-explorer\/campaign_management\/\" target=\"_blank\" rel=\"noopener\"><span style=\"font-weight: 400;\">a Elife se tornou Marketing Partner do Facebook<\/span><\/a><span style=\"font-weight: 400;\">, o que permite que a empresa tenha acesso \u00e0 API oficial da rede social e desenvolva para seus clientes solu\u00e7\u00f5es para o Messenger.<\/span><\/p>\n<p><img loading=\"lazy\" class=\"alignnone wp-image-5448\" src=\"https:\/\/elife.com.br\/wp-content\/uploads\/2019\/05\/POST_9.png\" alt=\"\" width=\"600\" height=\"339\" \/><\/p>\n<p>&nbsp;<\/p>\n<p><span style=\"font-weight: 400;\">Al\u00e9m disso, <\/span><a href=\"https:\/\/www.facebook.com\/business\/partner-directory\/details?id=201668717257949\" target=\"_blank\" rel=\"noopener\"><span style=\"font-weight: 400;\">o Buzzmonitor, ferramenta de monitoramento de redes sociais do grupo Elife,\u00a0 \u00e9 Facebook Partner<\/span><\/a><span style=\"font-weight: 400;\">. O selo de parceria \u00e9 concedido apenas para <\/span><a href=\"https:\/\/www.buzzmonitor.com.br\/blog\/automacoes-para-instagram-voce-esta-colocando-seu-perfil-em-risco-ao-usar-a-ferramenta-errada\" target=\"_blank\" rel=\"noopener\"><span style=\"font-weight: 400;\">empresas id\u00f4neas e que seguem as regras impostas pelas redes sociais. <\/span><\/a><\/p>\n<p><img loading=\"lazy\" class=\"alignnone wp-image-5449\" src=\"https:\/\/elife.com.br\/wp-content\/uploads\/2019\/05\/POST_10.png\" alt=\"\" width=\"600\" height=\"278\" \/><\/p>\n<p>&nbsp;<\/p>\n<p>&nbsp;<\/p>\n<h4 style=\"text-align: center;\"><a href=\"http:\/\/eepurl.com\/dEhOdL\" target=\"_blank\" rel=\"noopener\"><span style=\"font-weight: 400;\">Gostou? Inscreva-se para receber nossos conte\u00fados<\/span><\/a><\/h4>\n<p>&nbsp;<\/p>\n<p><i><span style=\"font-weight: 400;\">Fontes: <\/span><\/i><a href=\"https:\/\/canaltech.com.br\/redes-sociais\/facebook-surpreende-usuarios-com-anuncios-durante-f8-veja-principais-novidades-138279\/\" target=\"_blank\" rel=\"noopener\"><i><span style=\"font-weight: 400;\">Canaltech<\/span><\/i><\/a><i><span style=\"font-weight: 400;\"> | <\/span><\/i><a href=\"https:\/\/www.maistecnologia.com\/f8-facebook-apresenta-novidadades-no-grupos-e-introduz-o-facebook-dating\/\" target=\"_blank\" rel=\"noopener\"><i><span style=\"font-weight: 400;\">MaisTecnologia<\/span><\/i><\/a><i><span style=\"font-weight: 400;\"> | <\/span><\/i><a href=\"https:\/\/tudodeshare.com.br\/blog\/resumo-do-primeiro-dia-da-f8-2019-do-facebook\" target=\"_blank\" rel=\"noopener\"><i><span style=\"font-weight: 400;\">Share<\/span><\/i><\/a><i><span style=\"font-weight: 400;\"> | <\/span><\/i><a href=\"https:\/\/exame.abril.com.br\/tecnologia\/tudo-que-aconteceu-no-evento-mais-importante-do-facebook\/\" target=\"_blank\" rel=\"noopener\"><i><span style=\"font-weight: 400;\">EXAME<\/span><\/i><\/a><i><span style=\"font-weight: 400;\"> | <\/span><\/i><a href=\"https:\/\/www.valor.com.br\/empresas\/6224729\/lucro-do-facebook-recua-51-no-primeiro-trimestre\" target=\"_blank\" rel=\"noopener\"><i><span style=\"font-weight: 400;\">Valor Econ\u00f4mico<\/span><\/i><\/a><\/p>\n<p><i><span style=\"font-weight: 400;\">Fonte imagem capa: <\/span><\/i><a href=\"https:\/\/code.fb.com\/developer-tools\/f8-2019-day-1\/\" target=\"_blank\" rel=\"noopener\"><i><span style=\"font-weight: 400;\">Facebook Code<\/span><\/i><\/a><\/p>\n<hr \/>\n<p>&nbsp;<\/p>\n","protected":false},"excerpt":{"rendered":"<p>Nos dias 30 de abril e 1\u00ba de maio aconteceu em San Jose, Calif\u00f3rnia, mais uma edi\u00e7\u00e3o da F8, confer\u00eancia anual do Facebook para desenvolvedores. Ao longo dos dois dias de evento, foram anunciadas novidades para Facebook, Messenger, Instagram e WhatsApp. A privacidade foi o grande ponto focal do evento, com direito a prega\u00e7\u00e3o de [&hellip;]<\/p>\n","protected":false},"author":20,"featured_media":5439,"comment_status":"closed","ping_status":"closed","sticky":false,"template":"","format":"standard","meta":[],"categories":[7],"tags":[332,39,389,77,201,78],"_links":{"self":[{"href":"https:\/\/elife.com.br\/index.php\/wp-json\/wp\/v2\/posts\/5438"}],"collection":[{"href":"https:\/\/elife.com.br\/index.php\/wp-json\/wp\/v2\/posts"}],"about":[{"href":"https:\/\/elife.com.br\/index.php\/wp-json\/wp\/v2\/types\/post"}],"author":[{"embeddable":true,"href":"https:\/\/elife.com.br\/index.php\/wp-json\/wp\/v2\/users\/20"}],"replies":[{"embeddable":true,"href":"https:\/\/elife.com.br\/index.php\/wp-json\/wp\/v2\/comments?post=5438"}],"version-history":[{"count":14,"href":"https:\/\/elife.com.br\/index.php\/wp-json\/wp\/v2\/posts\/5438\/revisions"}],"predecessor-version":[{"id":5469,"href":"https:\/\/elife.com.br\/index.php\/wp-json\/wp\/v2\/posts\/5438\/revisions\/5469"}],"wp:featuredmedia":[{"embeddable":true,"href":"https:\/\/elife.com.br\/index.php\/wp-json\/wp\/v2\/media\/5439"}],"wp:attachment":[{"href":"https:\/\/elife.com.br\/index.php\/wp-json\/wp\/v2\/media?parent=5438"}],"wp:term":[{"taxonomy":"category","embeddable":true,"href":"https:\/\/elife.com.br\/index.php\/wp-json\/wp\/v2\/categories?post=5438"},{"taxonomy":"post_tag","embeddable":true,"href":"https:\/\/elife.com.br\/index.php\/wp-json\/wp\/v2\/tags?post=5438"}],"curies":[{"name":"wp","href":"https:\/\/api.w.org\/{rel}","templated":true}]}}