{"id":5766,"date":"2019-10-14T17:58:05","date_gmt":"2019-10-14T20:58:05","guid":{"rendered":"https:\/\/elife.com.br\/?p=5766"},"modified":"2019-10-14T18:00:51","modified_gmt":"2019-10-14T21:00:51","slug":"3-estrategias-para-aumentar-a-taxa-de-engajamento-no-varejo","status":"publish","type":"post","link":"https:\/\/elife.com.br\/index.php\/2019\/10\/14\/3-estrategias-para-aumentar-a-taxa-de-engajamento-no-varejo\/","title":{"rendered":"3 estrat\u00e9gias para aumentar a taxa de engajamento no Varejo"},"content":{"rendered":"<div id=\"fb-root\"><\/div>\n<hr \/>\n<p><span style=\"font-weight: 400;\">Quando se fala em estrat\u00e9gia de comunica\u00e7\u00e3o para redes sociais no varejo e e-commerce logo se pensa no compartilhamento de links de ofertas. Mas ser\u00e1 que compartilhar links de ofertas \u00e9 o que gera mais engajamento no Facebook? Qual a rea\u00e7\u00e3o dos consumidores \u00e0s ofertas? Para entender a estrat\u00e9gia, analisamos a presen\u00e7a no Facebook Brasil de duas marcas, Carrefour e Magazine Luiza, as com maior base de f\u00e3s entre os maiores varejistas (<\/span><a href=\"https:\/\/epocanegocios.globo.com\/Empresa\/noticia\/2019\/08\/conheca-maiores-redes-de-varejo-do-pais-e-quanto-elas-faturam.html\"><span style=\"font-weight: 400;\">IBEVAR FIA<\/span><\/a><span style=\"font-weight: 400;\">). Nosso objetivo foi entender que tipo de conte\u00fado mais engaja no Facebook no segmento. Durante o m\u00eas de setembro\/2019, analisamos as caracter\u00edsticas de suas publica\u00e7\u00f5es e os resultados que obtiveram com seus p\u00fablicos.<\/span><\/p>\n<p><span style=\"font-weight: 400;\">\u00a0<\/span><\/p>\n<p><span style=\"font-weight: 400;\">\u00a0 \u00a0 \u00a0MAGAZINE LUIZA<\/span><b>\u00a0 \u00a0 \u00a0 \u00a0 \u00a0 \u00a0 \u00a0 \u00a0 \u00a0 \u00a0 \u00a0 \u00a0 \u00a0 \u00a0 \u00a0 \u00a0 \u00a0 \u00a0 \u00a0 \u00a0 \u00a0<span style=\"font-weight: 400;\">CARREFOUR BRASIL<\/span>\u00a0<\/b><\/p>\n<p><b>Total de F\u00e3s <\/b><b>10.996.714<\/b><b>\u00a0 \u00a0 \u00a0 \u00a0 \u00a0 \u00a0 \u00a0 \u00a0 \u00a0 \u00a0 \u00a0 \u00a0 \u00a0 \u00a0 \u00a0 Total de F\u00e3s 11.109.078\u00a0<\/b><\/p>\n<p>&nbsp;<\/p>\n<p><span style=\"font-weight: 400;\">A princ\u00edpio, \u00e9 importante definirmos que \u201c<\/span><b>engajamento<\/b><span style=\"font-weight: 400;\">\u201d \u00e9 a soma das intera\u00e7\u00f5es (coment\u00e1rios, rea\u00e7\u00f5es e compartilhamentos) de todas as publica\u00e7\u00f5es de um per\u00edodo, divididas pela quantidade de publica\u00e7\u00f5es e, novamente, dividida pela quantidade de f\u00e3s da p\u00e1gina. A equa\u00e7\u00e3o desta m\u00e9trica ficaria assim:<\/span><\/p>\n<p>&nbsp;<\/p>\n<p><b>(<\/b><b>intera\u00e7\u00f5es<\/b><b> \/ <\/b><b>n\u00famero de publica\u00e7\u00f5es<\/b><b>) \/ <\/b><b>total de f\u00e3s<\/b><\/p>\n<p>&nbsp;<\/p>\n<p><span style=\"font-weight: 400;\">Em setembro, notamos que a Magazine Luiza investiu no crescimento de sua base de f\u00e3s, fechando o m\u00eas com 407.075 novos f\u00e3s enquanto o Carrefour adicionou 35.296 \u00e0 sua base. A abordagem de temas como <\/span><a href=\"https:\/\/www.facebook.com\/magazineluiza\/photos\/a.244447982255072\/2906033922763118\/?type=3&amp;__xts__%5B0%5D=68.ARAXYiK24DvbJ9v0E8u9-6m21Wfgyv0TWQQhaAWS3yfxk8a54BRj26Ool0drBwTpypQU1UZ7c1N0ukexb1JIuZgGX34Q4d5Y5YSK0LqQb2-xakZ93kgSJimnA-odNq7SyoCAn4jPo8qdK8lXEZIVUc1wuHGSU2x_mwT_CMd5hv2_1I09MJNa33zFuzs1V395ULoI0I57MP3VvS6Ro7n4x_47di-3uXmpDwUK_RUUTLAgU56X7JQg5OTgm6ggRVSBe_PWxHJjTBQWL_Cqb-_EvHcEa6ESDxRR1bLVr5e_0hteXioJ591YqMh2MrR_Da52XkhBL49sNstvlZier47eYOYtAA&amp;__tn__=-R\"><span style=\"font-weight: 400;\">Amaz\u00f4nia<\/span><\/a><span style=\"font-weight: 400;\"> e a <\/span><a href=\"https:\/\/www.facebook.com\/magazineluiza\/videos\/401150873933877\/?__xts__%5B0%5D=68.ARDTFJjFNufe8rxLDngOMAcfvpHh10wWOZjqeloZ7vFk6aOBsHXjp6Y3GRNX9SN6yGgKzyWEXsaDgxuiWlufbZ4jvhqD9fUsfhkARwj6mCpGss3v7N05MDwxDmTK6Bx2V8SclrvW2sQvKmr12XDITZGWmws9iOuV9UYBNUyEErx7FIrXdVyoxu8aHpW504542yARjLJEkP-BKCenAcDysCVX7X4rI-cFqyqNWnzHJcoi9bvir2FJFUW96rKhaVVeYltJHr4gOZ4uhuKFwr-jEX5P8bfelRd8WgzgQrpVJORctXya-uPy6X8GX021m0OZkJ2FwgMwfH8BhzlrT7ibFcsfs4NenppoGqY&amp;__tn__=-R\"><span style=\"font-weight: 400;\">Lei Maria da Penha<\/span><\/a><span style=\"font-weight: 400;\"> promoveram intera\u00e7\u00f5es e atra\u00edram novos p\u00fablicos para a p\u00e1gina da Magazine Lu\u00edza.<\/span><\/p>\n<p><img loading=\"lazy\" class=\"alignnone size-full wp-image-5767\" src=\"https:\/\/elife.com.br\/wp-content\/uploads\/2019\/10\/will1.png\" alt=\"\" width=\"1334\" height=\"334\" \/><\/p>\n<p>&nbsp;<\/p>\n<p><span style=\"font-weight: 400;\">Sendo um fator determinante para a taxa de engajamento, \u00e9 importante notarmos a frequ\u00eancia com a qual cada p\u00e5gina publica.\u00a0 Ao longo de um m\u00eas, a Magazine Luiza realizou 124 posts, enquanto o Carrefour, 31. A pulveriza\u00e7\u00e3o das publica\u00e7\u00f5es da Magazine Luiza \u00e9 um risco \u00e5 taxa de engajamento, j\u00e1 que a quantidade de posts \u00e9 um dos elementos utilizados em sua f\u00f3rmula de c\u00e1lculo, como j\u00e1 vimos. Ou seja, quanto mais posts, mais estratificada ser\u00e1 a taxa de engajamento total.<\/span><\/p>\n<p>&nbsp;<\/p>\n<p><img loading=\"lazy\" class=\"alignnone size-full wp-image-5768\" src=\"https:\/\/elife.com.br\/wp-content\/uploads\/2019\/10\/will2.png\" alt=\"\" width=\"1313\" height=\"323\" \/><\/p>\n<p>&nbsp;<\/p>\n<p><span style=\"font-weight: 400;\">Por\u00e9m, quando falamos de engajamento, \u00e9 importante entendermos que tipo de conte\u00fado performa bem com o p\u00fablico. Testar formatos distintos ajuda a marca a perceber o que mais engaja. Esta foi a estrat\u00e9gia da Magazine Luiza que utilizou 4 modelos diferentes de publica\u00e7\u00f5es: link, status, fotos e v\u00eddeos.\u00a0<\/span><\/p>\n<p>&nbsp;<\/p>\n<p><img loading=\"lazy\" class=\"alignnone wp-image-5769\" src=\"https:\/\/elife.com.br\/wp-content\/uploads\/2019\/10\/will3.png\" alt=\"\" width=\"692\" height=\"169\" \/><\/p>\n<p>&nbsp;<\/p>\n<p><span style=\"font-weight: 400;\">Como resultado dessa estrat\u00e9gia multidisciplinar, identificamos que a Magazine Luiza obteve a maior m\u00e9dia de engajamento do per\u00edodo, 0.0405%, com um pico no dia 22\/09 atingindo 0.16%, enquanto o Carrefour registrou a m\u00e9dia de 0.0013% com pico no dia 02\/09 atingindo 0.01%.\u00a0<\/span><\/p>\n<p><span style=\"font-weight: 400;\">\u00a0<\/span><\/p>\n<p><img loading=\"lazy\" class=\"alignnone size-full wp-image-5770\" src=\"https:\/\/elife.com.br\/wp-content\/uploads\/2019\/10\/will4.png\" alt=\"\" width=\"1268\" height=\"326\" \/><\/p>\n<p>&nbsp;<\/p>\n<p><span style=\"font-weight: 400;\">Entretanto, em ambos, v\u00eddeos e fotos s\u00e3o os principais gatilhos de engajamento, sobretudo com as rea\u00e7\u00f5es, seguidas dos coment\u00e1rios e, por fim, os compartilhamentos. Isso significa que a estrat\u00e9gia utilizada pela Magazine Luiza de publica\u00e7\u00e3o com links n\u00e3o \u00e9 o principal motivo pelo qual as pessoas interagem com a sua p\u00e1gina:<\/span><\/p>\n<p>&nbsp;<\/p>\n<p><img loading=\"lazy\" class=\"alignnone size-full wp-image-5771\" src=\"https:\/\/elife.com.br\/wp-content\/uploads\/2019\/10\/will5.png\" alt=\"\" width=\"1327\" height=\"323\" \/><\/p>\n<p>&nbsp;<\/p>\n<p><span style=\"font-weight: 400;\">Ainda assim, as publica\u00e7\u00f5es da Magazine Luiza despertam as emo\u00e7\u00f5es dos usu\u00e1rios e podemos comprovar isso notando que 5.72% (21.446) das pessoas que reagiram aos seus conte\u00fados, reagiram com \u201camei\u201d enquanto que o Carrefour, que focou primordialmente em v\u00eddeos, obteve apenas 3.94% \u201camei\u201d (548).\u00a0<\/span><\/p>\n<p>&nbsp;<\/p>\n<p><b>Reaction<\/b><span style=\"font-weight: 400;\">: Carrefour<\/span> <span style=\"font-weight: 400;\">\u00a0 \u00a0 \u00a0 \u00a0 \u00a0 \u00a0 \u00a0 \u00a0 \u00a0 \u00a0 \u00a0 \u00a0 \u00a0 \u00a0 \u00a0 \u00a0 \u00a0 \u00a0 \u00a0 \u00a0 \u00a0 \u00a0 \u00a0 \u00a0 \u00a0 \u00a0 \u00a0 \u00a0 \u00a0 \u00a0 \u00a0 \u00a0 \u00a0 \u00a0\u00a0<\/span><b>Reaction<\/b><span style=\"font-weight: 400;\">: Magazine Luiza<\/span><\/p>\n<p><img loading=\"lazy\" class=\"alignnone size-full wp-image-5772\" src=\"https:\/\/elife.com.br\/wp-content\/uploads\/2019\/10\/will6.png\" alt=\"\" width=\"1321\" height=\"301\" \/><\/p>\n<p>&nbsp;<\/p>\n<p><span style=\"font-weight: 400;\">E a raz\u00e3o pela qual a Magazine Luiza \u00e9 t\u00e3o \u201camada\u201d pode estar relacionada com sua estrat\u00e9gia de conte\u00fado, j\u00e1 que a porta-voz da marca \u00e9 a sua pr\u00f3pria persona e aparece tanto nos v\u00eddeos dando dicas de utilidades do universo de tecnologia quanto nas fotos, apresentando produtos ou mesmo lan\u00e7amentos de novas unidades:<\/span><\/p>\n<p>&nbsp;<\/p>\n<p><img loading=\"lazy\" class=\"alignnone wp-image-5773\" src=\"https:\/\/elife.com.br\/wp-content\/uploads\/2019\/10\/will7.png\" alt=\"\" width=\"359\" height=\"352\" \/> <img loading=\"lazy\" class=\"alignnone size-full wp-image-5774\" src=\"https:\/\/elife.com.br\/wp-content\/uploads\/2019\/10\/will8.png\" alt=\"\" width=\"394\" height=\"498\" \/><\/p>\n<p><span style=\"font-weight: 400;\">Fonte: <\/span><a href=\"https:\/\/www.facebook.com\/magazineluiza\/videos\/740453246367401\/?__xts__%5B0%5D=68.ARCOlAv7WCL0vF1j4-lqbtY5vPOSPIzNpI4lyc9eyhSTYXzR_yakzwnEUa67eYf6znQ9XZyaXrXfxX2kcSAAHKMw1rMpJVHbLe057Arw0gsDne-d4ogEPRXXHlAXr9wFLgZNhrzWFmm4SAhVuqIehuDJCKDKHqY-9SW9ZA1n1Pf33Z8UAt9DGvwJlxwo9iQq2hxoEX_4ZIsgrXpvNCDFEat74lt7nQj-C7QompwSB-6-9u3RfY2UilSMtV5U2M0diBZh0FQlPAb2JiHEFtfusNMzWOAZgFeHov_FkfacYYsavko4nbztYU99FzrNOM1r58P6WcQrXRwKSJU6DiH-S0Q9Zd2p7fvq1es&amp;__tn__=-R\"><span style=\"font-weight: 400;\">Magazine Luiza <\/span> <\/a><span style=\"font-weight: 400;\">\u00a0 \u00a0 \u00a0 \u00a0 \u00a0 \u00a0 \u00a0 \u00a0 \u00a0 \u00a0 \u00a0 \u00a0 \u00a0 \u00a0 \u00a0 \u00a0 \u00a0 \u00a0 \u00a0 \u00a0 \u00a0 \u00a0 \u00a0 \u00a0 \u00a0 \u00a0Fonte: <\/span><a href=\"https:\/\/www.facebook.com\/magazineluiza\/photos\/a.244447982255072\/2928879717145205\/?type=3&amp;__xts__%5B0%5D=68.ARARGOzegugNQlHzw8rcIr433AygwUoSwLwbs-0oWDqVV52qPbvyWbneh-MjXZ_jzt651MY94sa5brWGC1HmGlgWI1u94dgumZNCqmceO0NetP235OJ8aZTFBuMZ8M_oLqt3_dIoMvblNs1o-wqIA39cD2hs7r3ddZOar7olFQjSX2K5gjGUCKff78gL1T7pNK6EuQi3q4bjk1KHBTQZ63v9QRme_RNH7BO_9Cprdmp5pwt46ZqnjEKRdvuQfiEGwG8SmgQlVBSrqqlUXyBaxIuIZSDwnzewT8sq0d9xYBec88bYIls-WvfgQ77cHmFjjU-oSp4hvMDu-aZ8QmaDnENpng&amp;__tn__=-R\"><span style=\"font-weight: 400;\">Magazine Luiza<\/span><\/a><\/p>\n<p>&nbsp;<\/p>\n<p><span style=\"font-weight: 400;\">Por outro lado, ainda que utilizando os mesmos formatos, fotos e v\u00eddeos apresentando receitas, notamos que o desempenho di\u00e1rio de engajamento do Carrefour no Facebook equivale a 586 intera\u00e7\u00f5es, enquanto a Magazine Luiza atinge diariamente 15.376 intera\u00e7\u00f5es.<\/span><\/p>\n<p>&nbsp;<\/p>\n<p><img loading=\"lazy\" class=\"alignnone size-full wp-image-5775\" src=\"https:\/\/elife.com.br\/wp-content\/uploads\/2019\/10\/will9.png\" alt=\"\" width=\"395\" height=\"422\" \/><\/p>\n<p><span style=\"font-weight: 400;\">Fonte: <\/span><a href=\"https:\/\/www.facebook.com\/CarrefourBR\/videos\/2246021275502937\/?__xts__%5B0%5D=68.ARBTlxIPYSXij-1m7vj0VJ2gdxxQfUt52ZXdUa4KOjNIm9rjyi_siUZFSPO7eEMDD6l9DVoKjjboMTE1MmFpagTDxBoPkhl-jgk_h11HSOdu8XRkO1zy1rrzN4wgAWTg2dJ4_8Usc4MrDXYDPn5OVJNuxek3p6camz1i1e3DRKqLUZ6YJnxotiOztAAFWsfI8yxqh0xQvffw2fl94zTqo_kHYmEoUHhp1X1Uir1V1tPqjM5g_qAqG3cOvAxsIa_ffCERYyKBdOq2c9jtbAk744O8HCwY0T2S9FuIibq2FHS1t-1eCA12ZMN8wL6JLjhXVT3EtRTUTiJY6uiXuMSxToWZYEJlQDzBH2o&amp;__tn__=-R\"><span style=\"font-weight: 400;\">Carrefour<\/span><\/a><\/p>\n<p>&nbsp;<\/p>\n<p><span style=\"font-weight: 400;\">Com isso, tamb\u00e9m podemos inferir que a personifica\u00e7\u00e3o do branding, como a personagem MagaLu, melhora a performance geral da sua p\u00e1gina sem prejudicar o desempenho caracter\u00edstico do segmento varejista que \u00e9 a oferta de produtos por meio dos links, visto ter sido o principal formato de veicula\u00e7\u00e3o de conte\u00fado utilizado pela Magazine Luiza.<\/span><\/p>\n<p>&nbsp;<\/p>\n<p><span style=\"font-weight: 400;\">Por fim, as tr\u00eas estrat\u00e9gias de engajamento que registramos aqui foram:<\/span><\/p>\n<p>&nbsp;<\/p>\n<ol>\n<li style=\"font-weight: 400;\"><span style=\"font-weight: 400;\">Amplie a tem\u00e5tica das suas postagens abordando conte\u00fados que falem da categoria dos seus neg\u00f3cios e trending topics, indo al\u00e9m do compartilhamento de links de ofertas.<\/span>\n<ol>\n<li style=\"font-weight: 400;\"><span style=\"font-weight: 400;\">Para isso, \u00e9 muito importante contar com uma equipe de social listening em parceria com a \u00e1rea de conte\u00fcdo para aproveitarmos o timing das redes sociais.<\/span><\/li>\n<\/ol>\n<\/li>\n<li style=\"font-weight: 400;\"><span style=\"font-weight: 400;\">Crie ou reforce a sua brand persona, se necess\u00e1rio, apoiando a estrat\u00e9gia em um personagem real capaz de se comunicar com o p\u00fablico.<\/span><\/li>\n<li style=\"font-weight: 400;\"><span style=\"font-weight: 400;\">Teste mais de um formato de publica\u00e7\u00e3o. A estrat\u00e9gia vai te ajudar a entender o que performa melhor com o seu p\u00fablico.<\/span><\/li>\n<\/ol>\n<p>&nbsp;<\/p>\n<p><span style=\"font-weight: 400;\">Todos os dados analisados aqui s\u00e3o p\u00fablicos e est\u00e3o dispon\u00edveis no m\u00f3dulo Analytics Pro do Buzzmonitor.<\/span><\/p>\n<p>&nbsp;<\/p>\n<p>William Ferreira<\/p>\n<p>Coordenador de Atendimento ao Consumidor<\/p>\n<div class=\"_form_3\"><\/div>\n<p><script src=\"https:\/\/elife.activehosted.com\/f\/embed.php?id=3\" type=\"text\/javascript\" charset=\"utf-8\" align=\"left\"><\/script><\/p>\n","protected":false},"excerpt":{"rendered":"<p>Quando se fala em estrat\u00e9gia de comunica\u00e7\u00e3o para redes sociais no varejo e e-commerce logo se pensa no compartilhamento de links de ofertas. Mas ser\u00e1 que compartilhar links de ofertas \u00e9 o que gera mais engajamento no Facebook? Qual a rea\u00e7\u00e3o dos consumidores \u00e0s ofertas? Para entender a estrat\u00e9gia, analisamos a presen\u00e7a no Facebook Brasil [&hellip;]<\/p>\n","protected":false},"author":16,"featured_media":5777,"comment_status":"closed","ping_status":"closed","sticky":false,"template":"","format":"standard","meta":[],"categories":[3],"tags":[119,55],"_links":{"self":[{"href":"https:\/\/elife.com.br\/index.php\/wp-json\/wp\/v2\/posts\/5766"}],"collection":[{"href":"https:\/\/elife.com.br\/index.php\/wp-json\/wp\/v2\/posts"}],"about":[{"href":"https:\/\/elife.com.br\/index.php\/wp-json\/wp\/v2\/types\/post"}],"author":[{"embeddable":true,"href":"https:\/\/elife.com.br\/index.php\/wp-json\/wp\/v2\/users\/16"}],"replies":[{"embeddable":true,"href":"https:\/\/elife.com.br\/index.php\/wp-json\/wp\/v2\/comments?post=5766"}],"version-history":[{"count":4,"href":"https:\/\/elife.com.br\/index.php\/wp-json\/wp\/v2\/posts\/5766\/revisions"}],"predecessor-version":[{"id":5781,"href":"https:\/\/elife.com.br\/index.php\/wp-json\/wp\/v2\/posts\/5766\/revisions\/5781"}],"wp:featuredmedia":[{"embeddable":true,"href":"https:\/\/elife.com.br\/index.php\/wp-json\/wp\/v2\/media\/5777"}],"wp:attachment":[{"href":"https:\/\/elife.com.br\/index.php\/wp-json\/wp\/v2\/media?parent=5766"}],"wp:term":[{"taxonomy":"category","embeddable":true,"href":"https:\/\/elife.com.br\/index.php\/wp-json\/wp\/v2\/categories?post=5766"},{"taxonomy":"post_tag","embeddable":true,"href":"https:\/\/elife.com.br\/index.php\/wp-json\/wp\/v2\/tags?post=5766"}],"curies":[{"name":"wp","href":"https:\/\/api.w.org\/{rel}","templated":true}]}}