{"id":6972,"date":"2022-01-27T12:43:58","date_gmt":"2022-01-27T15:43:58","guid":{"rendered":"https:\/\/elife.com.br\/?p=6972"},"modified":"2022-01-27T12:48:24","modified_gmt":"2022-01-27T15:48:24","slug":"elife-doa-200-cestas-basicas-para-a-ong-projeto-cidadao-no-recife","status":"publish","type":"post","link":"https:\/\/elife.com.br\/index.php\/2022\/01\/27\/elife-doa-200-cestas-basicas-para-a-ong-projeto-cidadao-no-recife\/","title":{"rendered":"Elife doa 200 cestas b\u00e1sicas para a ONG Projeto Cidad\u00e3o no Recife"},"content":{"rendered":"<div id=\"fb-root\"><\/div>\n<p>&nbsp;<\/p>\n<p><span style=\"font-weight: 400;\">Em 2022, a Elife continua com a iniciativa de doar mensalmente 200 cestas b\u00e1sicas a institui\u00e7\u00f5es do Recife, cidade com maior taxa de desemprego no Brasil, segundo o IBGE. E a primeira organiza\u00e7\u00e3o apoiada no ano foi a ONG Projeto Cidad\u00e3o, que ajuda fam\u00edlias em situa\u00e7\u00e3o de vulnerabilidade social localizadas nos bairros do entorno da Mangueira, zona Oeste do Recife.<\/span><\/p>\n<p><span style=\"font-weight: 400;\">Atrav\u00e9s de doadores e volunt\u00e1rios, a ONG Projeto Cidad\u00e3o realiza atividades como distribui\u00e7\u00e3o de cestas entre as fam\u00edlias do bairro e tamb\u00e9m do sop\u00e3o. A doa\u00e7\u00e3o da Elife realizada no m\u00eas de Janeiro ir\u00e1 contribuir para a realiza\u00e7\u00e3o dessas a\u00e7\u00f5es.<\/span><\/p>\n<p>&nbsp;<\/p>\n<p><img loading=\"lazy\" class=\"alignnone size-full wp-image-6975\" src=\"https:\/\/elife.com.br\/wp-content\/uploads\/2022\/01\/Capa-blog-elife-24.png\" alt=\"\" width=\"800\" height=\"405\" \/><\/p>\n<p>&nbsp;<\/p>\n<p><span style=\"font-weight: 400;\">Al\u00e9m das fam\u00edlias, o Projeto Cidad\u00e3o tem iniciativas especialmente voltadas para crian\u00e7as. Nesse momento de pandemia em que o deslocamento se tornou mais dif\u00edcil, eles levam doces, lanches e brincadeiras para os pequenos atrav\u00e9s da Kombi Feliz. O mutir\u00e3o tamb\u00e9m oferece servi\u00e7os de beleza, bem-estar e sa\u00fade.<\/span><\/p>\n<p>&nbsp;<\/p>\n<p><span style=\"font-weight: 400;\">As doa\u00e7\u00f5es s\u00e3o fundamentais para a continua\u00e7\u00e3o das iniciativas da ONG e voc\u00ea pode contribuir nos seguintes contatos:<\/span><\/p>\n<p><b>Doa\u00e7\u00f5es para Jana\u00edna Batista Neves nas chaves PIX:<\/b><\/p>\n<p><a href=\"mailto:ongprojeocidadaorecifepe@gmail.com\"><span style=\"font-weight: 400;\">ongprojeocidadaorecifepe@gmail.com<\/span><\/a><\/p>\n<p><span style=\"font-weight: 400;\">81999986012<\/span><\/p>\n<p><b>Instagram: <\/b><a href=\"https:\/\/www.instagram.com\/projetocidadao.ong\/\"><span style=\"font-weight: 400;\">https:\/\/www.instagram.com\/projetocidadao.ong\/<\/span><\/a><\/p>\n<p><b>Facebook: <\/b><a href=\"https:\/\/www.facebook.com\/projetocidadao.ong\/\"><span style=\"font-weight: 400;\">https:\/\/www.facebook.com\/projetocidadao.ong\/<\/span><\/a><\/p>\n<p><b>WhatsApp:<\/b><span style=\"font-weight: 400;\"> (81) 99998-6012<\/span><\/p>\n<p><b>Fone:<\/b><span style=\"font-weight: 400;\"> 3422-0213<\/span><\/p>\n<p>&nbsp;<\/p>\n<p><span style=\"font-weight: 400;\">Ao todo, a Elife j\u00e1 fez a doa\u00e7\u00e3o de <strong>1.800 cestas b\u00e1sicas<\/strong> e abaixo \u00e9 poss\u00edvel conhecer todos os projetos que j\u00e1 foram apoiados:<\/span><\/p>\n<p>&nbsp;<\/p>\n<p><span style=\"font-weight: 400;\"><strong>Maio 2021<\/strong> \u2013 <\/span><a href=\"https:\/\/elife.com.br\/index.php\/2021\/05\/11\/elife-doa-200-cestas-basicas-para-a-ong-maes-criativas\/\"><span style=\"font-weight: 400;\">Clube das M\u00e3es Criativas<\/span><\/a><\/p>\n<p><span style=\"font-weight: 400;\"><strong>Junho 2021<\/strong> \u2013 <\/span><a href=\"https:\/\/elife.com.br\/index.php\/2021\/06\/14\/elife-doa-200-cestas-basicas-para-associacao-na-area-de-morros-em-recife\/\"><span style=\"font-weight: 400;\">Associa\u00e7\u00e3o dos Moradores de Tr\u00eas Carneiros Alto<\/span><\/a><\/p>\n<p><span style=\"font-weight: 400;\"><strong>Julho\u00a0 2021<\/strong> \u2013 <\/span><a href=\"https:\/\/elife.com.br\/index.php\/2021\/07\/15\/elife-doa-200-cestas-basicas-para-a-ong-rede-tumulto\/\"><span style=\"font-weight: 400;\">Coletivo Tumulto<\/span><\/a><\/p>\n<p><span style=\"font-weight: 400;\"><strong>Agosto 2021<\/strong> \u2013 <\/span><a href=\"https:\/\/elife.com.br\/index.php\/2021\/08\/26\/elife-doa-200-cestas-basicas-para-a-associacao-de-deficientes-de-peixinhos-recife\/\"><span style=\"font-weight: 400;\">ADEPE (Associa\u00e7\u00e3o dos Deficientes de Peixinhos)<\/span><\/a><\/p>\n<p><span style=\"font-weight: 400;\"><strong>Setembro 2021<\/strong> \u2013 <\/span><a href=\"https:\/\/elife.com.br\/index.php\/2021\/10\/18\/elife-doa-200-cestas-basicas-para-a-turma-do-flau-centro-educacional-de-brasilia-teimosa-pernambuco\/\"><span style=\"font-weight: 400;\">Turma do Flau<\/span><\/a><\/p>\n<p><span style=\"font-weight: 400;\"><strong>Outubro 2021<\/strong> \u2013 <\/span><a href=\"https:\/\/elife.com.br\/index.php\/2021\/10\/19\/doacao-de-cestas-basicas-da-elife-ajuda-no-projeto-maos-solidarias-do-recife\/\"><span style=\"font-weight: 400;\">Campanha M\u00e3os Solid\u00e1rias<\/span><\/a><\/p>\n<p><span style=\"font-weight: 400;\"><strong>Novembro 2021<\/strong> \u2013 <\/span><a href=\"https:\/\/elife.com.br\/index.php\/2021\/11\/23\/projeto-mao-amiga-recife-recebe-doacao-de-cestas-basicas-da-elife\/\"><span style=\"font-weight: 400;\">Projeto M\u00e3o Amiga<\/span><\/a><\/p>\n<p><span style=\"font-weight: 400;\"><strong>Dezembro 2021<\/strong> \u2013 <\/span><a href=\"https:\/\/elife.com.br\/index.php\/2022\/01\/13\/centro-mario-de-andrade-recebe-doacao-de-200-cestas-basicas-da-elife\/12020841-centro-mario-andrade--no-ibura--zona-sul-do-recife--faz-chamado-por-novos-voluntarios.html\"><span style=\"font-weight: 400;\">Centro M\u00e1rio de Andrade\u00a0<\/span><\/a><\/p>\n<p><span style=\"font-weight: 400;\"><strong>Janeiro 2022<\/strong> &#8211; ONG Projeto Cidad\u00e3o<\/span><\/p>\n<p><span style=\"font-weight: 400;\">\u00a0<\/span><\/p>\n<p>&nbsp;<\/p>\n","protected":false},"excerpt":{"rendered":"<p>&nbsp; Em 2022, a Elife continua com a iniciativa de doar mensalmente 200 cestas b\u00e1sicas a institui\u00e7\u00f5es do Recife, cidade com maior taxa de desemprego no Brasil, segundo o IBGE. E a primeira organiza\u00e7\u00e3o apoiada no ano foi a ONG Projeto Cidad\u00e3o, que ajuda fam\u00edlias em situa\u00e7\u00e3o de vulnerabilidade social localizadas nos bairros do entorno [&hellip;]<\/p>\n","protected":false},"author":20,"featured_media":6974,"comment_status":"closed","ping_status":"closed","sticky":false,"template":"","format":"standard","meta":[],"categories":[3],"tags":[456,194],"_links":{"self":[{"href":"https:\/\/elife.com.br\/index.php\/wp-json\/wp\/v2\/posts\/6972"}],"collection":[{"href":"https:\/\/elife.com.br\/index.php\/wp-json\/wp\/v2\/posts"}],"about":[{"href":"https:\/\/elife.com.br\/index.php\/wp-json\/wp\/v2\/types\/post"}],"author":[{"embeddable":true,"href":"https:\/\/elife.com.br\/index.php\/wp-json\/wp\/v2\/users\/20"}],"replies":[{"embeddable":true,"href":"https:\/\/elife.com.br\/index.php\/wp-json\/wp\/v2\/comments?post=6972"}],"version-history":[{"count":7,"href":"https:\/\/elife.com.br\/index.php\/wp-json\/wp\/v2\/posts\/6972\/revisions"}],"predecessor-version":[{"id":6981,"href":"https:\/\/elife.com.br\/index.php\/wp-json\/wp\/v2\/posts\/6972\/revisions\/6981"}],"wp:featuredmedia":[{"embeddable":true,"href":"https:\/\/elife.com.br\/index.php\/wp-json\/wp\/v2\/media\/6974"}],"wp:attachment":[{"href":"https:\/\/elife.com.br\/index.php\/wp-json\/wp\/v2\/media?parent=6972"}],"wp:term":[{"taxonomy":"category","embeddable":true,"href":"https:\/\/elife.com.br\/index.php\/wp-json\/wp\/v2\/categories?post=6972"},{"taxonomy":"post_tag","embeddable":true,"href":"https:\/\/elife.com.br\/index.php\/wp-json\/wp\/v2\/tags?post=6972"}],"curies":[{"name":"wp","href":"https:\/\/api.w.org\/{rel}","templated":true}]}}