{"id":7993,"date":"2024-11-13T14:06:43","date_gmt":"2024-11-13T17:06:43","guid":{"rendered":"https:\/\/elife.com.br\/?p=7993"},"modified":"2024-11-13T14:07:08","modified_gmt":"2024-11-13T17:07:08","slug":"relatorio-nacional-de-igualdade-salarial-elife-avanca-na-inclusao-e-diversidade","status":"publish","type":"post","link":"https:\/\/elife.com.br\/index.php\/2024\/11\/13\/relatorio-nacional-de-igualdade-salarial-elife-avanca-na-inclusao-e-diversidade\/","title":{"rendered":"Relat\u00f3rio Nacional de Igualdade Salarial: Elife avan\u00e7a na inclus\u00e3o e diversidade"},"content":{"rendered":"<div id=\"fb-root\"><\/div>\n\n<p>Em um cen\u00e1rio onde a <strong>desigualdade salarial <\/strong>e a <strong>falta de diversidade<\/strong> ainda predominam no mercado de trabalho brasileiro, a <strong>Elife<\/strong> se destaca por alcan\u00e7ar avan\u00e7os significativos em inclus\u00e3o e equidade de g\u00eanero.&nbsp;<\/p>\n\n\n\n<p>De acordo com o <a href=\"https:\/\/app.powerbi.com\/view?r=eyJrIjoiOTYzNTdkZGUtYjFiNi00OWFiLWFiNWItMTUyZjU1YTlkYWFmIiwidCI6IjNlYzkyOTY5LTVhNTEtNGYxOC04YWM5LWVmOThmYmFmYTk3OCJ9\" target=\"_blank\" rel=\"noreferrer noopener\"><strong>2\u00ba Relat\u00f3rio Nacional de Igualdade Salarial<\/strong><\/a>, divulgado em setembro de 2024, a empresa registrou um <strong>aumento na representatividade<\/strong> entre<strong> mulheres negras<\/strong>, cuja participa\u00e7\u00e3o cresceu de <strong>10,7% para 11,7%<\/strong>. A presen\u00e7a de<strong> homens negros<\/strong> tamb\u00e9m aumentou, passando de <strong>10,7% para 14,1%<\/strong>.<\/p>\n\n\n\n<p>Esses resultados refor\u00e7am o compromisso cont\u00ednuo da Elife em promover um ambiente de trabalho mais diversificado e inclusivo, consolidando sua posi\u00e7\u00e3o como refer\u00eancia em boas pr\u00e1ticas no setor.<\/p>\n\n\n\n<h2>Confira os dados da Elife na \u00edntegra<\/h2>\n\n\n\n<p><img loading=\"lazy\" width=\"602\" height=\"411\" src=\"https:\/\/lh7-rt.googleusercontent.com\/docsz\/AD_4nXdkHsAa0XamCbHB-ccSnWpAXPdpKKr8Lgi0JPlo4CaXExC43TjxW0BD_cTn8BVNaN_7G67b2P62uvXSlezHLDRL35uqTJhrWWcUTl_N6pdMMaDFLt0S-KqtxNfLUJ9FYeeesf1Nrg?key=VCbmXR1MmzOOnnjOU4z_ZuYQ\"><\/p>\n\n\n\n<p><\/p>\n\n\n\n<p>Na <strong>Elife<\/strong>, a propor\u00e7\u00e3o de <strong>mulheres negras<\/strong> aumentou de <strong>10,7% para 11,7%<\/strong> em rela\u00e7\u00e3o aos dados do <a href=\"https:\/\/app.powerbi.com\/view?r=eyJrIjoiMjNhY2IyN2UtMjllMy00MjQxLTg2YzYtNjcyYzk0YjE4MjQxIiwidCI6IjNlYzkyOTY5LTVhNTEtNGYxOC04YWM5LWVmOThmYmFmYTk3OCJ9\" target=\"_blank\" rel=\"noreferrer noopener\"><strong>1\u00ba Relat\u00f3rio Nacional de Igualdade Salarial<\/strong><\/a>, enquanto a presen\u00e7a de <strong>homens negros<\/strong> cresceu de <strong>10,7% para 14,1%<\/strong> \u2014 um avan\u00e7o positivo em termos de diversidade no ambiente corporativo.<\/p>\n\n\n\n<p>Quanto \u00e0 propor\u00e7\u00e3o geral de mulheres, houve uma redu\u00e7\u00e3o, de <strong>66,1% para 61,7%<\/strong>, embora essa presen\u00e7a feminina ainda seja significativamente superior \u00e0 <a href=\"https:\/\/app.powerbi.com\/view?r=eyJrIjoiOTYzNTdkZGUtYjFiNi00OWFiLWFiNWItMTUyZjU1YTlkYWFmIiwidCI6IjNlYzkyOTY5LTVhNTEtNGYxOC04YWM5LWVmOThmYmFmYTk3OCJ9\" target=\"_blank\" rel=\"noreferrer noopener\">m\u00e9dia nacional de <strong>39,94%<\/strong><\/a>.&nbsp;<\/p>\n\n\n\n<p>Leia tamb\u00e9m: <a href=\"https:\/\/elife.com.br\/index.php\/2024\/03\/28\/elife-pratica-igualdade-salarial-entre-generos-segundo-relatorio-de-transparencia-salarial\/\" target=\"_blank\" rel=\"noreferrer noopener\">Elife pratica igualdade salarial entre g\u00eaneros, segundo relat\u00f3rio de transpar\u00eancia salarial<\/a><\/p>\n\n\n\n<h2>Limita\u00e7\u00f5es do relat\u00f3rio<\/h2>\n\n\n\n<p>O relat\u00f3rio utiliza a <strong>Classifica\u00e7\u00e3o Brasileira de Ocupa\u00e7\u00f5es (CBO)<\/strong>, que n\u00e3o leva em considera\u00e7\u00e3o as especificidades de cargos dentro das empresas. Isso pode distorcer a realidade dos sal\u00e1rios em algumas organiza\u00e7\u00f5es.&nbsp;<\/p>\n\n\n\n<p>Na <strong>Elife<\/strong>, por exemplo, todos os colaboradores s\u00e3o classificados como <strong>Trabalhadores de Servi\u00e7os Administrativos<\/strong>, o que n\u00e3o reflete com precis\u00e3o a diversidade de fun\u00e7\u00f5es desempenhadas.<\/p>\n\n\n\n<p>Em rela\u00e7\u00e3o \u00e0 categoriza\u00e7\u00e3o de ocupa\u00e7\u00f5es, a Elife adota uma pol\u00edtica de n\u00e3o discrimina\u00e7\u00e3o baseada em g\u00eanero ou tempo de experi\u00eancia para promo\u00e7\u00f5es, enfatizando a igualdade de oportunidades para todos os colaboradores.&nbsp;<\/p>\n\n\n\n<p>A empresa tamb\u00e9m implementa programas de mentoria destinados a fomentar o crescimento e o desenvolvimento de talentos internamente, refor\u00e7ando o compromisso com a evolu\u00e7\u00e3o profissional cont\u00ednua da equipe.<\/p>\n","protected":false},"excerpt":{"rendered":"<p>Em um cen\u00e1rio onde a desigualdade salarial e a falta de diversidade ainda predominam no mercado de trabalho brasileiro, a Elife se destaca por alcan\u00e7ar avan\u00e7os significativos em inclus\u00e3o e equidade de g\u00eanero.&nbsp; De acordo com o 2\u00ba Relat\u00f3rio Nacional de Igualdade Salarial, divulgado em setembro de 2024, a empresa registrou um aumento na representatividade [&hellip;]<\/p>\n","protected":false},"author":24,"featured_media":7995,"comment_status":"closed","ping_status":"closed","sticky":false,"template":"","format":"standard","meta":[],"categories":[3],"tags":[200,559],"_links":{"self":[{"href":"https:\/\/elife.com.br\/index.php\/wp-json\/wp\/v2\/posts\/7993"}],"collection":[{"href":"https:\/\/elife.com.br\/index.php\/wp-json\/wp\/v2\/posts"}],"about":[{"href":"https:\/\/elife.com.br\/index.php\/wp-json\/wp\/v2\/types\/post"}],"author":[{"embeddable":true,"href":"https:\/\/elife.com.br\/index.php\/wp-json\/wp\/v2\/users\/24"}],"replies":[{"embeddable":true,"href":"https:\/\/elife.com.br\/index.php\/wp-json\/wp\/v2\/comments?post=7993"}],"version-history":[{"count":3,"href":"https:\/\/elife.com.br\/index.php\/wp-json\/wp\/v2\/posts\/7993\/revisions"}],"predecessor-version":[{"id":7998,"href":"https:\/\/elife.com.br\/index.php\/wp-json\/wp\/v2\/posts\/7993\/revisions\/7998"}],"wp:featuredmedia":[{"embeddable":true,"href":"https:\/\/elife.com.br\/index.php\/wp-json\/wp\/v2\/media\/7995"}],"wp:attachment":[{"href":"https:\/\/elife.com.br\/index.php\/wp-json\/wp\/v2\/media?parent=7993"}],"wp:term":[{"taxonomy":"category","embeddable":true,"href":"https:\/\/elife.com.br\/index.php\/wp-json\/wp\/v2\/categories?post=7993"},{"taxonomy":"post_tag","embeddable":true,"href":"https:\/\/elife.com.br\/index.php\/wp-json\/wp\/v2\/tags?post=7993"}],"curies":[{"name":"wp","href":"https:\/\/api.w.org\/{rel}","templated":true}]}}