{"id":8097,"date":"2025-07-18T09:41:39","date_gmt":"2025-07-18T12:41:39","guid":{"rendered":"https:\/\/elife.com.br\/?p=8097"},"modified":"2025-07-18T09:44:20","modified_gmt":"2025-07-18T12:44:20","slug":"elife-e-reconhecida-como-um-lugar-incrivel-para-trabalhar-pelo-sexto-ano-consecutivo","status":"publish","type":"post","link":"https:\/\/elife.com.br\/index.php\/2025\/07\/18\/elife-e-reconhecida-como-um-lugar-incrivel-para-trabalhar-pelo-sexto-ano-consecutivo\/","title":{"rendered":"Elife \u00e9 reconhecida como um Lugar Incr\u00edvel para Trabalhar pelo sexto ano consecutivo"},"content":{"rendered":"<div id=\"fb-root\"><\/div>\n\n<p>Pelo sexto ano seguido, a <strong>Elife<\/strong> conquista o t\u00edtulo de &#8220;<strong>Lugar Incr\u00edvel Para Trabalhar<\/strong>&#8221; com a <strong>certifica\u00e7\u00e3o FIA de Clima Organizacional 2025<\/strong>. Esse reconhecimento, fruto da <strong>pesquisa &#8220;Lugares Incr\u00edveis Para Trabalhar&#8221;<\/strong>, destaca a empresa por sua excel\u00eancia no ambiente de trabalho. <\/p>\n\n\n\n<p>Mais do que um selo, \u00e9 uma confirma\u00e7\u00e3o de um espa\u00e7o onde a cultura e o bem-estar dos colaboradores s\u00e3o prioridades.<\/p>\n\n\n\n<h3><strong>Uma conquista que reflete compromisso e cultura<\/strong><\/h3>\n\n\n\n<p>Para a <strong>Elife<\/strong>, essa certifica\u00e7\u00e3o n\u00e3o \u00e9 apenas um selo, mas uma <strong>prova do compromisso cont\u00ednuo com um ambiente de trabalho saud\u00e1vel e motivador<\/strong>. Como destaca <strong>Juliana Oliveira<\/strong>, Coordenadora de Recursos Humanos da Elife:<\/p>\n\n\n\n<p><em>&#8220;Receber a certifica\u00e7\u00e3o mais uma vez \u00e9 um grande motivo de orgulho para todos n\u00f3s. Mais do que um selo, essa conquista simboliza a for\u00e7a de uma cultura constru\u00edda por todos os colaboradores, todos os dias. Ser reconhecida como uma empresa onde as pessoas se sentem valorizadas, respeitadas e motivadas a crescer \u00e9 o reflexo de um ambiente que prioriza o di\u00e1logo, a confian\u00e7a, o bem-estar e o desenvolvimento humano.&#8221;<\/em><\/p>\n\n\n\n<p>Esse reconhecimento refor\u00e7a o <strong>compromisso da Elife em criar um espa\u00e7o de trabalho cada vez mais inclusivo e colaborativo<\/strong>, onde <strong>cada pessoa importa e faz a diferen\u00e7a<\/strong>.<\/p>\n\n\n\n<h3><strong>Pr\u00e1ticas que refor\u00e7am o bem-estar<\/strong><\/h3>\n\n\n\n<p>A <strong>Elife<\/strong> adota diversas pr\u00e1ticas para garantir que seus colaboradores n\u00e3o apenas se sintam parte de um ambiente positivo, mas tamb\u00e9m tenham as ferramentas necess\u00e1rias para o seu <strong>desenvolvimento pessoal e profissional<\/strong>. Entre os benef\u00edcios oferecidos, destacam-se:<\/p>\n\n\n\n<ul><li><strong>Plano de Desenvolvimento de Pessoas<\/strong>: Acompanhamento cont\u00ednuo para o crescimento profissional.<\/li><li><strong>Day Off de anivers\u00e1rio<\/strong>: Um dia extra de descanso para celebrar o momento especial.<\/li><li><strong>Short Day<\/strong>: Uma sa\u00edda antecipada uma vez por semana para promover o equil\u00edbrio entre trabalho e vida pessoal.<\/li><li><strong>Sess\u00f5es de terapia e acesso a academias<\/strong>: Apoio \u00e0 sa\u00fade mental e f\u00edsica dos colaboradores.<\/li><\/ul>\n\n\n\n<p>Essas iniciativas n\u00e3o apenas <strong>melhoram a satisfa\u00e7\u00e3o e motiva\u00e7\u00e3o dos colaboradores<\/strong>, mas tamb\u00e9m refletem o <strong>compromisso da empresa com o bem-estar e qualidade de vida<\/strong> de sua equipe.<\/p>\n\n\n\n<h3><strong>O futuro da Elife: continuamos crescendo juntos<\/strong><\/h3>\n\n\n\n<p>Este <strong>sexto ano consecutivo de certifica\u00e7\u00e3o<\/strong> reafirma o nosso compromisso em proporcionar um espa\u00e7o onde o <strong>di\u00e1logo, a confian\u00e7a e o desenvolvimento humano<\/strong> sejam pilares fundamentais da nossa cultura. <\/p>\n\n\n\n<p>Continuamos a investir em solu\u00e7\u00f5es que promovam <strong>um ambiente saud\u00e1vel e inclusivo<\/strong>, onde todos t\u00eam espa\u00e7o para crescer e contribuir para o sucesso coletivo.<\/p>\n\n\n\n<h1>Quer trabalhar na Elife?<\/h1>\n\n\n\n<p>Se voc\u00ea se interessou pela cultura da Elife e deseja fazer parte dessa equipe, confira nossa\u00a0<a href=\"https:\/\/elifegroup.vagas.solides.com.br\/\" data-type=\"URL\" data-id=\"https:\/\/elifegroup.vagas.solides.com.br\/\" target=\"_blank\" rel=\"noreferrer noopener\">p\u00e1gina de carreiras<\/a>\u00a0para novas oportunidades.\u00a0<\/p>\n\n\n\n<p>Acompanhe tamb\u00e9m a&nbsp;<a href=\"https:\/\/www.linkedin.com\/company\/elifegroup\/\" target=\"_blank\" rel=\"noreferrer noopener\">Elife no LinkedIn<\/a>&nbsp;para se manter atualizado sobre as novidades e vagas dispon\u00edveis.<\/p>\n","protected":false},"excerpt":{"rendered":"<p>Pelo sexto ano seguido, a Elife conquista o t\u00edtulo de &#8220;Lugar Incr\u00edvel Para Trabalhar&#8221; com a certifica\u00e7\u00e3o FIA de Clima Organizacional 2025. Esse reconhecimento, fruto da pesquisa &#8220;Lugares Incr\u00edveis Para Trabalhar&#8221;, destaca a empresa por sua excel\u00eancia no ambiente de trabalho. Mais do que um selo, \u00e9 uma confirma\u00e7\u00e3o de um espa\u00e7o onde a cultura [&hellip;]<\/p>\n","protected":false},"author":24,"featured_media":8098,"comment_status":"closed","ping_status":"closed","sticky":false,"template":"","format":"standard","meta":[],"categories":[3],"tags":[579,580,368,513],"_links":{"self":[{"href":"https:\/\/elife.com.br\/index.php\/wp-json\/wp\/v2\/posts\/8097"}],"collection":[{"href":"https:\/\/elife.com.br\/index.php\/wp-json\/wp\/v2\/posts"}],"about":[{"href":"https:\/\/elife.com.br\/index.php\/wp-json\/wp\/v2\/types\/post"}],"author":[{"embeddable":true,"href":"https:\/\/elife.com.br\/index.php\/wp-json\/wp\/v2\/users\/24"}],"replies":[{"embeddable":true,"href":"https:\/\/elife.com.br\/index.php\/wp-json\/wp\/v2\/comments?post=8097"}],"version-history":[{"count":2,"href":"https:\/\/elife.com.br\/index.php\/wp-json\/wp\/v2\/posts\/8097\/revisions"}],"predecessor-version":[{"id":8101,"href":"https:\/\/elife.com.br\/index.php\/wp-json\/wp\/v2\/posts\/8097\/revisions\/8101"}],"wp:featuredmedia":[{"embeddable":true,"href":"https:\/\/elife.com.br\/index.php\/wp-json\/wp\/v2\/media\/8098"}],"wp:attachment":[{"href":"https:\/\/elife.com.br\/index.php\/wp-json\/wp\/v2\/media?parent=8097"}],"wp:term":[{"taxonomy":"category","embeddable":true,"href":"https:\/\/elife.com.br\/index.php\/wp-json\/wp\/v2\/categories?post=8097"},{"taxonomy":"post_tag","embeddable":true,"href":"https:\/\/elife.com.br\/index.php\/wp-json\/wp\/v2\/tags?post=8097"}],"curies":[{"name":"wp","href":"https:\/\/api.w.org\/{rel}","templated":true}]}}